{"id":1936,"date":"2022-06-13T12:37:10","date_gmt":"2022-06-13T10:37:10","guid":{"rendered":"https:\/\/visitrauland.com\/vinjesenteret\/?p=1936"},"modified":"2022-06-13T12:37:10","modified_gmt":"2022-06-13T10:37:10","slug":"litteraturdagane-feirar-tarjei-vesaas","status":"publish","type":"post","link":"https:\/\/visitrauland.com\/vinjesenteret\/litteraturdagane-feirar-tarjei-vesaas\/","title":{"rendered":"Litteraturdagane feirar Tarjei Vesaas","gt_translate_keys":[{"key":"rendered","format":"text"}]},"content":{"rendered":"<p><strong>Frode Grytten, Hildegun Riise og Aasmund Nordstoga er nokre av ut\u00f8varane som gjestar \u00e5rets Litteraturdagar. Det er 125 \u00e5r sidan den store diktaren fr\u00e5 Vinje vart f\u00f8dt, og Vesaas-\u00e5ret blir markert med ei rekkje arrangement under festivalen 25.\u201328. august. \u00a0\u00a0<\/strong><\/p>\n<p>Romanar som\u00a0<em>Fuglane<\/em>\u00a0og\u00a0<em>Is-slottet<\/em>\u00a0har gitt Tarjei Vesaas posisjonen som ein av dei fremste forfattarane b\u00e5de i Norden og Europa i det 20. hundre\u00e5ret. Vesaas sin forfattarskap blir formidla i framf\u00f8ringar, f\u00f8redrag, film og musikk under \u00e5rets Litteraturdagar. Gjennom programpostane\u00a0<em>Vesaas i verda<\/em>\u00a0f\u00e5r festivalgjestene meir kunnskap om korleis Vesaas har blitt motteke i det store utland.<\/p>\n<p>\u2013 Vesaas sin forfattarskap er ein stor skatt som rommar forteljande prosa, dramatikk og vakker poesi. B\u00f8kene hans opnar d\u00f8rer til det undrande og g\u00e5tefulle i oss menneske, seier Geir S. Netland, fungerande arenaleiar ved Vinjesenteret.<\/p>\n<p>I tillegg til Vesaas-programmet presenterer festivalen andre forfattarar som Victoria Kielland, Tore Kv\u00e6ven, Kjersti Rorgemoen og Morten Langeland. Festivalen markerer ogs\u00e5 at det er Skeivt kultur\u00e5r med Per Esben Myren-Svelstad sitt f\u00f8redrag om \u00e5 lese litteratur med skeive briller. Dei musikalske innslaga spenner fr\u00e5 Frode Grytten Beat Band til hardingfelespelaren Per Anders Buen Garn\u00e5s.<\/p>\n<p>Kristin Vego er \u00e5rets vinnar av Tarjei Vesaas\u00bb debutantpris, og tradisjonen tru blir det presentasjon og samtale med vinnaren. Dette gjeld ogs\u00e5 ved utdelinga av Storegutprisen, som Vener av Vinjesenteret st\u00e5r for i samfunnshuset p\u00e5 Edland laurdag 27. august.<\/p>\n<p>\u2013 Me er glade for \u00e5 kunne formidle eit allsidig program med breitt kunstnarleg innhald og samstundes ta i bruk det nye Vinjesenteret ogs\u00e5 i festivalsamanheng, seier \u00c5sne Vesaas, som er program- og vertskapsansvarleg for Litteraturdagane.<\/p>\n<p>Oversikt over program finn du\u00a0<a href=\"https:\/\/www.nynorsk.no\/program-litteraturdagane-2022\/\">her<\/a>, og billettar finn du\u00a0<a href=\"https:\/\/www.nynorsk.no\/her-finn-du-oversikt-over-alle-billettar-til-litteraturdagane-2022\/\">her<\/a>.<\/p>\n","protected":false,"gt_translate_keys":[{"key":"rendered","format":"html"}]},"excerpt":{"rendered":"<p>Frode Grytten, Hildegun Riise og Aasmund Nordstoga er nokre av ut\u00f8varane som gjestar \u00e5rets Litteraturdagar. Det er 125 \u00e5r sidan den store diktaren fr\u00e5 Vinje vart f\u00f8dt, og Vesaas-\u00e5ret blir markert med ei rekkje arrangement under festivalen 25.\u201328. august. \u00a0\u00a0 Romanar som\u00a0Fuglane\u00a0og\u00a0Is-slottet\u00a0har gitt Tarjei Vesaas posisjonen som ein av dei fremste forfattarane b\u00e5de i Norden og Europa i det 20. &#8230; <\/p>\n<div><a href=\"https:\/\/visitrauland.com\/vinjesenteret\/litteraturdagane-feirar-tarjei-vesaas\/\" class=\"more-link\">Les Mer<\/a><\/div>\n","protected":false,"gt_translate_keys":[{"key":"rendered","format":"html"}]},"author":10,"featured_media":1937,"comment_status":"closed","ping_status":"closed","sticky":false,"template":"","format":"standard","meta":{"_relevanssi_hide_post":"","_relevanssi_hide_content":"","_relevanssi_pin_for_all":"","_relevanssi_pin_keywords":"","_relevanssi_unpin_keywords":"","_relevanssi_related_keywords":"","_relevanssi_related_include_ids":"","_relevanssi_related_exclude_ids":"","_relevanssi_related_no_append":"","_relevanssi_related_not_related":"","_relevanssi_related_posts":"","_relevanssi_noindex_reason":"","seo_booster_metabox":"","footnotes":""},"categories":[14],"tags":[],"class_list":["post-1936","post","type-post","status-publish","format-standard","has-post-thumbnail","hentry","category-aktuelt"],"yoast_head":"<!-- This site is optimized with the Yoast SEO plugin v27.5 - https:\/\/yoast.com\/product\/yoast-seo-wordpress\/ -->\n<title>Litteraturdagane feirar Tarjei Vesaas - Vinjesenteret<\/title>\n<meta name=\"robots\" content=\"noindex, follow, max-snippet:-1, max-image-preview:large, max-video-preview:-1\" \/>\n<meta property=\"og:locale\" content=\"nb_NO\" \/>\n<meta property=\"og:type\" content=\"article\" \/>\n<meta property=\"og:title\" content=\"Litteraturdagane feirar Tarjei Vesaas - Vinjesenteret\" \/>\n<meta property=\"og:description\" content=\"Frode Grytten, Hildegun Riise og Aasmund Nordstoga er nokre av ut\u00f8varane som gjestar \u00e5rets Litteraturdagar. Det er 125 \u00e5r sidan den store diktaren fr\u00e5 Vinje vart f\u00f8dt, og Vesaas-\u00e5ret blir markert med ei rekkje arrangement under festivalen 25.\u201328. august. \u00a0\u00a0 Romanar som\u00a0Fuglane\u00a0og\u00a0Is-slottet\u00a0har gitt Tarjei Vesaas posisjonen som ein av dei fremste forfattarane b\u00e5de i Norden og Europa i det 20. ... Les Mer\" \/>\n<meta property=\"og:url\" content=\"https:\/\/visitrauland.com\/vinjesenteret\/litteraturdagane-feirar-tarjei-vesaas\/\" \/>\n<meta property=\"og:site_name\" content=\"Vinjesenteret\" \/>\n<meta property=\"article:published_time\" content=\"2022-06-13T10:37:10+00:00\" \/>\n<meta property=\"og:image\" content=\"https:\/\/visitrauland.com\/vinjesenteret\/wp-content\/uploads\/sites\/103\/2022\/06\/litteraturdagane2022-1920.jpg\" \/>\n\t<meta property=\"og:image:width\" content=\"1920\" \/>\n\t<meta property=\"og:image:height\" content=\"1080\" \/>\n\t<meta property=\"og:image:type\" content=\"image\/jpeg\" \/>\n<meta name=\"author\" content=\"danny\" \/>\n<meta name=\"twitter:card\" content=\"summary_large_image\" \/>\n<meta name=\"twitter:label1\" content=\"Skrevet av\" \/>\n\t<meta name=\"twitter:data1\" content=\"danny\" \/>\n\t<meta name=\"twitter:label2\" content=\"Ansl. lesetid\" \/>\n\t<meta name=\"twitter:data2\" content=\"2 minutter\" \/>\n<script type=\"application\/ld+json\" class=\"yoast-schema-graph\">{\"@context\":\"https:\\\/\\\/schema.org\",\"@graph\":[{\"@type\":\"Article\",\"@id\":\"https:\\\/\\\/visitrauland.com\\\/vinjesenteret\\\/litteraturdagane-feirar-tarjei-vesaas\\\/#article\",\"isPartOf\":{\"@id\":\"https:\\\/\\\/visitrauland.com\\\/vinjesenteret\\\/litteraturdagane-feirar-tarjei-vesaas\\\/\"},\"author\":{\"name\":\"danny\",\"@id\":\"https:\\\/\\\/visitrauland.com\\\/vinjesenteret\\\/#\\\/schema\\\/person\\\/488d11ecd1340c3c62f1436ce57facd1\"},\"headline\":\"Litteraturdagane feirar Tarjei Vesaas\",\"datePublished\":\"2022-06-13T10:37:10+00:00\",\"mainEntityOfPage\":{\"@id\":\"https:\\\/\\\/visitrauland.com\\\/vinjesenteret\\\/litteraturdagane-feirar-tarjei-vesaas\\\/\"},\"wordCount\":285,\"image\":{\"@id\":\"https:\\\/\\\/visitrauland.com\\\/vinjesenteret\\\/litteraturdagane-feirar-tarjei-vesaas\\\/#primaryimage\"},\"thumbnailUrl\":\"https:\\\/\\\/visitrauland.com\\\/vinjesenteret\\\/wp-content\\\/uploads\\\/sites\\\/103\\\/2022\\\/06\\\/litteraturdagane2022-1920.jpg\",\"articleSection\":[\"Aktuelt\"],\"inLanguage\":\"nb-NO\"},{\"@type\":\"WebPage\",\"@id\":\"https:\\\/\\\/visitrauland.com\\\/vinjesenteret\\\/litteraturdagane-feirar-tarjei-vesaas\\\/\",\"url\":\"https:\\\/\\\/visitrauland.com\\\/vinjesenteret\\\/litteraturdagane-feirar-tarjei-vesaas\\\/\",\"name\":\"Litteraturdagane feirar Tarjei Vesaas - Vinjesenteret\",\"isPartOf\":{\"@id\":\"https:\\\/\\\/visitrauland.com\\\/vinjesenteret\\\/#website\"},\"primaryImageOfPage\":{\"@id\":\"https:\\\/\\\/visitrauland.com\\\/vinjesenteret\\\/litteraturdagane-feirar-tarjei-vesaas\\\/#primaryimage\"},\"image\":{\"@id\":\"https:\\\/\\\/visitrauland.com\\\/vinjesenteret\\\/litteraturdagane-feirar-tarjei-vesaas\\\/#primaryimage\"},\"thumbnailUrl\":\"https:\\\/\\\/visitrauland.com\\\/vinjesenteret\\\/wp-content\\\/uploads\\\/sites\\\/103\\\/2022\\\/06\\\/litteraturdagane2022-1920.jpg\",\"datePublished\":\"2022-06-13T10:37:10+00:00\",\"author\":{\"@id\":\"https:\\\/\\\/visitrauland.com\\\/vinjesenteret\\\/#\\\/schema\\\/person\\\/488d11ecd1340c3c62f1436ce57facd1\"},\"breadcrumb\":{\"@id\":\"https:\\\/\\\/visitrauland.com\\\/vinjesenteret\\\/litteraturdagane-feirar-tarjei-vesaas\\\/#breadcrumb\"},\"inLanguage\":\"nb-NO\",\"potentialAction\":[{\"@type\":\"ReadAction\",\"target\":[\"https:\\\/\\\/visitrauland.com\\\/vinjesenteret\\\/litteraturdagane-feirar-tarjei-vesaas\\\/\"]}]},{\"@type\":\"ImageObject\",\"inLanguage\":\"nb-NO\",\"@id\":\"https:\\\/\\\/visitrauland.com\\\/vinjesenteret\\\/litteraturdagane-feirar-tarjei-vesaas\\\/#primaryimage\",\"url\":\"https:\\\/\\\/visitrauland.com\\\/vinjesenteret\\\/wp-content\\\/uploads\\\/sites\\\/103\\\/2022\\\/06\\\/litteraturdagane2022-1920.jpg\",\"contentUrl\":\"https:\\\/\\\/visitrauland.com\\\/vinjesenteret\\\/wp-content\\\/uploads\\\/sites\\\/103\\\/2022\\\/06\\\/litteraturdagane2022-1920.jpg\",\"width\":1920,\"height\":1080,\"caption\":\"Tre portretter i svart-hvitt av personer med ulike ansiktsuttrykk.\"},{\"@type\":\"BreadcrumbList\",\"@id\":\"https:\\\/\\\/visitrauland.com\\\/vinjesenteret\\\/litteraturdagane-feirar-tarjei-vesaas\\\/#breadcrumb\",\"itemListElement\":[{\"@type\":\"ListItem\",\"position\":1,\"name\":\"Hjem\",\"item\":\"https:\\\/\\\/visitrauland.com\\\/vinjesenteret\\\/\"},{\"@type\":\"ListItem\",\"position\":2,\"name\":\"Litteraturdagane feirar Tarjei Vesaas\"}]},{\"@type\":\"WebSite\",\"@id\":\"https:\\\/\\\/visitrauland.com\\\/vinjesenteret\\\/#website\",\"url\":\"https:\\\/\\\/visitrauland.com\\\/vinjesenteret\\\/\",\"name\":\"Vinjesenteret\",\"description\":\"3 hytter med flott utsikt over Lognvikvatn\",\"potentialAction\":[{\"@type\":\"SearchAction\",\"target\":{\"@type\":\"EntryPoint\",\"urlTemplate\":\"https:\\\/\\\/visitrauland.com\\\/vinjesenteret\\\/?s={search_term_string}\"},\"query-input\":{\"@type\":\"PropertyValueSpecification\",\"valueRequired\":true,\"valueName\":\"search_term_string\"}}],\"inLanguage\":\"nb-NO\"},{\"@type\":\"Person\",\"@id\":\"https:\\\/\\\/visitrauland.com\\\/vinjesenteret\\\/#\\\/schema\\\/person\\\/488d11ecd1340c3c62f1436ce57facd1\",\"name\":\"danny\",\"image\":{\"@type\":\"ImageObject\",\"inLanguage\":\"nb-NO\",\"@id\":\"https:\\\/\\\/secure.gravatar.com\\\/avatar\\\/f3d6f0f3317d4f09c36b5b4f977fde71a9817737244d0c1f4162ac79c71efee2?s=96&d=mm&r=g\",\"url\":\"https:\\\/\\\/secure.gravatar.com\\\/avatar\\\/f3d6f0f3317d4f09c36b5b4f977fde71a9817737244d0c1f4162ac79c71efee2?s=96&d=mm&r=g\",\"contentUrl\":\"https:\\\/\\\/secure.gravatar.com\\\/avatar\\\/f3d6f0f3317d4f09c36b5b4f977fde71a9817737244d0c1f4162ac79c71efee2?s=96&d=mm&r=g\",\"caption\":\"danny\"},\"url\":\"https:\\\/\\\/visitrauland.com\\\/vinjesenteret\\\/author\\\/danny\\\/\"}]}<\/script>\n<!-- \/ Yoast SEO plugin. -->","yoast_head_json":{"title":"Litteraturdagane feirar Tarjei Vesaas - Vinjesenteret","robots":{"index":"noindex","follow":"follow","max-snippet":"max-snippet:-1","max-image-preview":"max-image-preview:large","max-video-preview":"max-video-preview:-1"},"og_locale":"nb_NO","og_type":"article","og_title":"Litteraturdagane feirar Tarjei Vesaas - Vinjesenteret","og_description":"Frode Grytten, Hildegun Riise og Aasmund Nordstoga er nokre av ut\u00f8varane som gjestar \u00e5rets Litteraturdagar. Det er 125 \u00e5r sidan den store diktaren fr\u00e5 Vinje vart f\u00f8dt, og Vesaas-\u00e5ret blir markert med ei rekkje arrangement under festivalen 25.\u201328. august. \u00a0\u00a0 Romanar som\u00a0Fuglane\u00a0og\u00a0Is-slottet\u00a0har gitt Tarjei Vesaas posisjonen som ein av dei fremste forfattarane b\u00e5de i Norden og Europa i det 20. ... Les Mer","og_url":"https:\/\/visitrauland.com\/vinjesenteret\/litteraturdagane-feirar-tarjei-vesaas\/","og_site_name":"Vinjesenteret","article_published_time":"2022-06-13T10:37:10+00:00","og_image":[{"width":1920,"height":1080,"url":"https:\/\/visitrauland.com\/vinjesenteret\/wp-content\/uploads\/sites\/103\/2022\/06\/litteraturdagane2022-1920.jpg","type":"image\/jpeg"}],"author":"danny","twitter_card":"summary_large_image","twitter_misc":{"Skrevet av":"danny","Ansl. lesetid":"2 minutter"},"schema":{"@context":"https:\/\/schema.org","@graph":[{"@type":"Article","@id":"https:\/\/visitrauland.com\/vinjesenteret\/litteraturdagane-feirar-tarjei-vesaas\/#article","isPartOf":{"@id":"https:\/\/visitrauland.com\/vinjesenteret\/litteraturdagane-feirar-tarjei-vesaas\/"},"author":{"name":"danny","@id":"https:\/\/visitrauland.com\/vinjesenteret\/#\/schema\/person\/488d11ecd1340c3c62f1436ce57facd1"},"headline":"Litteraturdagane feirar Tarjei Vesaas","datePublished":"2022-06-13T10:37:10+00:00","mainEntityOfPage":{"@id":"https:\/\/visitrauland.com\/vinjesenteret\/litteraturdagane-feirar-tarjei-vesaas\/"},"wordCount":285,"image":{"@id":"https:\/\/visitrauland.com\/vinjesenteret\/litteraturdagane-feirar-tarjei-vesaas\/#primaryimage"},"thumbnailUrl":"https:\/\/visitrauland.com\/vinjesenteret\/wp-content\/uploads\/sites\/103\/2022\/06\/litteraturdagane2022-1920.jpg","articleSection":["Aktuelt"],"inLanguage":"nb-NO"},{"@type":"WebPage","@id":"https:\/\/visitrauland.com\/vinjesenteret\/litteraturdagane-feirar-tarjei-vesaas\/","url":"https:\/\/visitrauland.com\/vinjesenteret\/litteraturdagane-feirar-tarjei-vesaas\/","name":"Litteraturdagane feirar Tarjei Vesaas - Vinjesenteret","isPartOf":{"@id":"https:\/\/visitrauland.com\/vinjesenteret\/#website"},"primaryImageOfPage":{"@id":"https:\/\/visitrauland.com\/vinjesenteret\/litteraturdagane-feirar-tarjei-vesaas\/#primaryimage"},"image":{"@id":"https:\/\/visitrauland.com\/vinjesenteret\/litteraturdagane-feirar-tarjei-vesaas\/#primaryimage"},"thumbnailUrl":"https:\/\/visitrauland.com\/vinjesenteret\/wp-content\/uploads\/sites\/103\/2022\/06\/litteraturdagane2022-1920.jpg","datePublished":"2022-06-13T10:37:10+00:00","author":{"@id":"https:\/\/visitrauland.com\/vinjesenteret\/#\/schema\/person\/488d11ecd1340c3c62f1436ce57facd1"},"breadcrumb":{"@id":"https:\/\/visitrauland.com\/vinjesenteret\/litteraturdagane-feirar-tarjei-vesaas\/#breadcrumb"},"inLanguage":"nb-NO","potentialAction":[{"@type":"ReadAction","target":["https:\/\/visitrauland.com\/vinjesenteret\/litteraturdagane-feirar-tarjei-vesaas\/"]}]},{"@type":"ImageObject","inLanguage":"nb-NO","@id":"https:\/\/visitrauland.com\/vinjesenteret\/litteraturdagane-feirar-tarjei-vesaas\/#primaryimage","url":"https:\/\/visitrauland.com\/vinjesenteret\/wp-content\/uploads\/sites\/103\/2022\/06\/litteraturdagane2022-1920.jpg","contentUrl":"https:\/\/visitrauland.com\/vinjesenteret\/wp-content\/uploads\/sites\/103\/2022\/06\/litteraturdagane2022-1920.jpg","width":1920,"height":1080,"caption":"Tre portretter i svart-hvitt av personer med ulike ansiktsuttrykk."},{"@type":"BreadcrumbList","@id":"https:\/\/visitrauland.com\/vinjesenteret\/litteraturdagane-feirar-tarjei-vesaas\/#breadcrumb","itemListElement":[{"@type":"ListItem","position":1,"name":"Hjem","item":"https:\/\/visitrauland.com\/vinjesenteret\/"},{"@type":"ListItem","position":2,"name":"Litteraturdagane feirar Tarjei Vesaas"}]},{"@type":"WebSite","@id":"https:\/\/visitrauland.com\/vinjesenteret\/#website","url":"https:\/\/visitrauland.com\/vinjesenteret\/","name":"Vinjesenteret","description":"3 hytter med flott utsikt over Lognvikvatn","potentialAction":[{"@type":"SearchAction","target":{"@type":"EntryPoint","urlTemplate":"https:\/\/visitrauland.com\/vinjesenteret\/?s={search_term_string}"},"query-input":{"@type":"PropertyValueSpecification","valueRequired":true,"valueName":"search_term_string"}}],"inLanguage":"nb-NO"},{"@type":"Person","@id":"https:\/\/visitrauland.com\/vinjesenteret\/#\/schema\/person\/488d11ecd1340c3c62f1436ce57facd1","name":"danny","image":{"@type":"ImageObject","inLanguage":"nb-NO","@id":"https:\/\/secure.gravatar.com\/avatar\/f3d6f0f3317d4f09c36b5b4f977fde71a9817737244d0c1f4162ac79c71efee2?s=96&d=mm&r=g","url":"https:\/\/secure.gravatar.com\/avatar\/f3d6f0f3317d4f09c36b5b4f977fde71a9817737244d0c1f4162ac79c71efee2?s=96&d=mm&r=g","contentUrl":"https:\/\/secure.gravatar.com\/avatar\/f3d6f0f3317d4f09c36b5b4f977fde71a9817737244d0c1f4162ac79c71efee2?s=96&d=mm&r=g","caption":"danny"},"url":"https:\/\/visitrauland.com\/vinjesenteret\/author\/danny\/"}]}},"gt_translate_keys":[{"key":"link","format":"url"}],"_links":{"self":[{"href":"https:\/\/visitrauland.com\/vinjesenteret\/wp-json\/wp\/v2\/posts\/1936","targetHints":{"allow":["GET"]}}],"collection":[{"href":"https:\/\/visitrauland.com\/vinjesenteret\/wp-json\/wp\/v2\/posts"}],"about":[{"href":"https:\/\/visitrauland.com\/vinjesenteret\/wp-json\/wp\/v2\/types\/post"}],"author":[{"embeddable":true,"href":"https:\/\/visitrauland.com\/vinjesenteret\/wp-json\/wp\/v2\/users\/10"}],"replies":[{"embeddable":true,"href":"https:\/\/visitrauland.com\/vinjesenteret\/wp-json\/wp\/v2\/comments?post=1936"}],"version-history":[{"count":1,"href":"https:\/\/visitrauland.com\/vinjesenteret\/wp-json\/wp\/v2\/posts\/1936\/revisions"}],"predecessor-version":[{"id":1939,"href":"https:\/\/visitrauland.com\/vinjesenteret\/wp-json\/wp\/v2\/posts\/1936\/revisions\/1939"}],"wp:featuredmedia":[{"embeddable":true,"href":"https:\/\/visitrauland.com\/vinjesenteret\/wp-json\/wp\/v2\/media\/1937"}],"wp:attachment":[{"href":"https:\/\/visitrauland.com\/vinjesenteret\/wp-json\/wp\/v2\/media?parent=1936"}],"wp:term":[{"taxonomy":"category","embeddable":true,"href":"https:\/\/visitrauland.com\/vinjesenteret\/wp-json\/wp\/v2\/categories?post=1936"},{"taxonomy":"post_tag","embeddable":true,"href":"https:\/\/visitrauland.com\/vinjesenteret\/wp-json\/wp\/v2\/tags?post=1936"}],"curies":[{"name":"wp","href":"https:\/\/api.w.org\/{rel}","templated":true}]}}