{"id":2051,"date":"2023-11-21T12:29:58","date_gmt":"2023-11-21T11:29:58","guid":{"rendered":"https:\/\/visitrauland.com\/julefilm-rauland\/?p=2051"},"modified":"2023-12-28T12:59:02","modified_gmt":"2023-12-28T11:59:02","slug":"arets-julefilm-pa-netflix-er-filmet-pa-rauland","status":"publish","type":"post","link":"https:\/\/visitrauland.com\/sa-var-det-jul-igjen-netflix\/arets-julefilm-pa-netflix-er-filmet-pa-rauland\/","title":{"rendered":"\u00c5rets julefilm p\u00e5 Netflix er filmet p\u00e5 Rauland","gt_translate_keys":[{"key":"rendered","format":"text"}]},"content":{"rendered":"<p><b>En fargerik og hjertevarm norsk julefilm hadde premiere p\u00e5 str\u00f8mmegiganten 6. desember 2023.<\/b><\/p>\n<p>Filmen har allerede gjort stor suksess p\u00e5 Netflix med <a href=\"https:\/\/visitrauland.com\/sa-var-det-jul-igjen-netflix\/sa-var-det-jul-igjen-pa-verdenstoppen\/\"><strong>over 10 millioner avspillinger<\/strong><\/a> og ligger som nr. 1 i Norge og blant topp 10 i verden!<\/p>\n<p>Filmen handler om Thea (Ida Ursin-Holm), som reiser til hjembygda for \u00e5 feire en tradisjonell norsk jul med familien. Men i \u00e5r har hun med seg Jashan, den indiske kj\u00e6resten sin (Kanan Gill). Det som skulle bli en helt vanlig jul, utvikler seg snart til en turbulent og hjertevarm feiring, som snur opp-ned p\u00e5 tradisjoner og tvinger familien til \u00e5 finne julegleden p\u00e5 ny.<\/p>\n<p>Foruten Ida Ursin-Holm og Kanan Gill, er det ogs\u00e5 stjerner som Marit Adeleide Andreassen og Mads Sj\u00f8g\u00e5rd Pettersen i birollene. Marit spiller svigermor Anne-Lise, mens Mads tar p\u00e5 seg rollen som Theas ekskj\u00e6reste.<\/p>\n<p>Det er ogs\u00e5 laget en <a href=\"https:\/\/open.spotify.com\/track\/7JTcRjQ2dXXuCWCBWQdrvF?fbclid=IwAR03Vuz5SdaXcGUt0q9CL7jLQqeZab-V67z52FiPllqVROBN1PxNeQrlmdM\"><strong>splitter ny julesang til filmen av Emma Steinbakken (Spotify)<\/strong><\/a>. Vi satser p\u00e5 at dette blir \u00e5rets julesang i Norge. Spre den gjerne videre!<\/p>\n<p><strong>Se trailer<\/strong><\/p>\n<p><noscript><iframe title=\"YouTube video player\" src=\"https:\/\/www.youtube.com\/embed\/zJ1ftKAJB20?si=p2fDdcBtcZ2mkCeF\" width=\"900\" height=\"506\" frameborder=\"0\" allowfullscreen=\"allowfullscreen\"><span data-mce-type=\"bookmark\" style=\"display: inline-block; width: 0px; overflow: hidden; line-height: 0;\" class=\"mce_SELRES_start\">\ufeff<\/span><\/iframe><\/noscript><iframe title=\"YouTube video player\" width=\"900\" height=\"506\" frameborder=\"0\" allowfullscreen=\"allowfullscreen\" data-src=\"https:\/\/www.youtube.com\/embed\/zJ1ftKAJB20?si=p2fDdcBtcZ2mkCeF\" class=\" lazyload\"><span data-mce-type=\"bookmark\" style=\"display: inline-block; width: 0px; overflow: hidden; line-height: 0;\" class=\"mce_SELRES_start\">\ufeff<\/span><\/iframe><\/p>\n<p>Filmen er skrevet og regissert av Petter Holmsen og produsert av Motion Blur.<\/p>\n<p><strong>Jul p\u00e5 Rauland:<\/strong><br>\n<a href=\"https:\/\/visitrauland.com\/jul-og-nyttaar\/\">Se juleprogram<\/a><br>\n<a href=\"https:\/\/visitrauland.com\/feriepakker\/\">Se gode jul og nytt\u00e5rspakker<\/a><\/p>\n<p><a href=\"\/julefilm-rauland\/\"><strong>Se mer:<br>\n\u00abS\u00e5 var det jul igjen\u00bb \u2013 Julefilm Netflix 2023<\/strong><\/a><br>\n<a href=\"https:\/\/visitrauland.com\/julefilm-rauland\/netflix-film-spilt-inn-pa-rauland\/\"><strong>Netflix-film spilt inn p\u00e5 Rauland<\/strong><\/a><br>\n<a href=\"https:\/\/open.spotify.com\/track\/7JTcRjQ2dXXuCWCBWQdrvF?si=2b331d60a6024f46\"><strong>H\u00f8r Emma Steinbakken \u2013 Hjemme for meg<\/strong><\/a><\/p>\n<p><noscript><img decoding=\"async\" class=\"alignnone size-full wp-image-2047\" src=\"https:\/\/visitrauland.com\/julefilm-rauland\/wp-content\/uploads\/sites\/106\/2023\/11\/Plakat-Savardetjuligjen_1700515273.jpg\" alt=\"To personer i tradisjonelle kl\u00e6r ved et julebord. Tekst: S\u00e5 var det jul igjen. Netflix 6. desember.\" width=\"1500\" height=\"1500\" srcset=\"https:\/\/visitrauland.com\/sa-var-det-jul-igjen-netflix\/wp-content\/uploads\/sites\/106\/2023\/11\/Plakat-Savardetjuligjen_1700515273.jpg 1500w, https:\/\/visitrauland.com\/sa-var-det-jul-igjen-netflix\/wp-content\/uploads\/sites\/106\/2023\/11\/Plakat-Savardetjuligjen_1700515273-300x300.jpg 300w, https:\/\/visitrauland.com\/sa-var-det-jul-igjen-netflix\/wp-content\/uploads\/sites\/106\/2023\/11\/Plakat-Savardetjuligjen_1700515273-1024x1024.jpg 1024w, https:\/\/visitrauland.com\/sa-var-det-jul-igjen-netflix\/wp-content\/uploads\/sites\/106\/2023\/11\/Plakat-Savardetjuligjen_1700515273-150x150.jpg 150w, https:\/\/visitrauland.com\/sa-var-det-jul-igjen-netflix\/wp-content\/uploads\/sites\/106\/2023\/11\/Plakat-Savardetjuligjen_1700515273-768x768.jpg 768w, https:\/\/visitrauland.com\/sa-var-det-jul-igjen-netflix\/wp-content\/uploads\/sites\/106\/2023\/11\/Plakat-Savardetjuligjen_1700515273-500x500.jpg 500w, https:\/\/visitrauland.com\/sa-var-det-jul-igjen-netflix\/wp-content\/uploads\/sites\/106\/2023\/11\/Plakat-Savardetjuligjen_1700515273-1000x1000.jpg 1000w, https:\/\/visitrauland.com\/sa-var-det-jul-igjen-netflix\/wp-content\/uploads\/sites\/106\/2023\/11\/Plakat-Savardetjuligjen_1700515273-100x100.jpg 100w, https:\/\/visitrauland.com\/sa-var-det-jul-igjen-netflix\/wp-content\/uploads\/sites\/106\/2023\/11\/Plakat-Savardetjuligjen_1700515273-862x862.jpg 862w, https:\/\/visitrauland.com\/sa-var-det-jul-igjen-netflix\/wp-content\/uploads\/sites\/106\/2023\/11\/Plakat-Savardetjuligjen_1700515273-1200x1200.jpg 1200w\" sizes=\"(max-width: 1500px) 100vw, 1500px\"><\/noscript><img decoding=\"async\" class=\"alignnone size-full wp-image-2047 lazyload\" src=\"data:image\/svg+xml,%3Csvg%20xmlns%3D%22http%3A%2F%2Fwww.w3.org%2F2000%2Fsvg%22%20viewBox%3D%220%200%201500%201500%22%3E%3C%2Fsvg%3E\" alt=\"To personer i tradisjonelle kl\u00e6r ved et julebord. Tekst: S\u00e5 var det jul igjen. Netflix 6. desember.\" width=\"1500\" height=\"1500\" srcset=\"data:image\/svg+xml,%3Csvg%20xmlns%3D%22http%3A%2F%2Fwww.w3.org%2F2000%2Fsvg%22%20viewBox%3D%220%200%201500%201500%22%3E%3C%2Fsvg%3E 1500w\" sizes=\"(max-width: 1500px) 100vw, 1500px\" data-srcset=\"https:\/\/visitrauland.com\/sa-var-det-jul-igjen-netflix\/wp-content\/uploads\/sites\/106\/2023\/11\/Plakat-Savardetjuligjen_1700515273.jpg 1500w, https:\/\/visitrauland.com\/sa-var-det-jul-igjen-netflix\/wp-content\/uploads\/sites\/106\/2023\/11\/Plakat-Savardetjuligjen_1700515273-300x300.jpg 300w, https:\/\/visitrauland.com\/sa-var-det-jul-igjen-netflix\/wp-content\/uploads\/sites\/106\/2023\/11\/Plakat-Savardetjuligjen_1700515273-1024x1024.jpg 1024w, https:\/\/visitrauland.com\/sa-var-det-jul-igjen-netflix\/wp-content\/uploads\/sites\/106\/2023\/11\/Plakat-Savardetjuligjen_1700515273-150x150.jpg 150w, https:\/\/visitrauland.com\/sa-var-det-jul-igjen-netflix\/wp-content\/uploads\/sites\/106\/2023\/11\/Plakat-Savardetjuligjen_1700515273-768x768.jpg 768w, https:\/\/visitrauland.com\/sa-var-det-jul-igjen-netflix\/wp-content\/uploads\/sites\/106\/2023\/11\/Plakat-Savardetjuligjen_1700515273-500x500.jpg 500w, https:\/\/visitrauland.com\/sa-var-det-jul-igjen-netflix\/wp-content\/uploads\/sites\/106\/2023\/11\/Plakat-Savardetjuligjen_1700515273-1000x1000.jpg 1000w, https:\/\/visitrauland.com\/sa-var-det-jul-igjen-netflix\/wp-content\/uploads\/sites\/106\/2023\/11\/Plakat-Savardetjuligjen_1700515273-100x100.jpg 100w, https:\/\/visitrauland.com\/sa-var-det-jul-igjen-netflix\/wp-content\/uploads\/sites\/106\/2023\/11\/Plakat-Savardetjuligjen_1700515273-862x862.jpg 862w, https:\/\/visitrauland.com\/sa-var-det-jul-igjen-netflix\/wp-content\/uploads\/sites\/106\/2023\/11\/Plakat-Savardetjuligjen_1700515273-1200x1200.jpg 1200w\" data-src=\"https:\/\/visitrauland.com\/julefilm-rauland\/wp-content\/uploads\/sites\/106\/2023\/11\/Plakat-Savardetjuligjen_1700515273.jpg\"><\/p>\n<p>&nbsp;<\/p>\n","protected":false,"gt_translate_keys":[{"key":"rendered","format":"html"}]},"excerpt":{"rendered":"<p>En fargerik og hjertevarm norsk julefilm hadde premiere p\u00e5 str\u00f8mmegiganten 6. desember 2023. Filmen har allerede gjort stor suksess p\u00e5 Netflix med over 10 millioner avspillinger og ligger som nr. 1 i Norge og blant topp 10 i verden! Filmen handler om Thea (Ida Ursin-Holm), som reiser til hjembygda for \u00e5 feire en tradisjonell norsk jul med familien. Men i &#8230; <\/p>\n<div><a href=\"https:\/\/visitrauland.com\/sa-var-det-jul-igjen-netflix\/arets-julefilm-pa-netflix-er-filmet-pa-rauland\/\" class=\"more-link\">Les Mer<\/a><\/div>\n","protected":false,"gt_translate_keys":[{"key":"rendered","format":"html"}]},"author":10,"featured_media":2039,"comment_status":"closed","ping_status":"closed","sticky":false,"template":"","format":"standard","meta":{"_relevanssi_hide_post":"","_relevanssi_hide_content":"","_relevanssi_pin_for_all":"","_relevanssi_pin_keywords":"","_relevanssi_unpin_keywords":"","_relevanssi_related_keywords":"","_relevanssi_related_include_ids":"","_relevanssi_related_exclude_ids":"","_relevanssi_related_no_append":"","_relevanssi_related_not_related":"","_relevanssi_related_posts":"","_relevanssi_noindex_reason":"","seo_booster_metabox":"","footnotes":""},"categories":[14,22,13],"tags":[],"class_list":["post-2051","post","type-post","status-publish","format-standard","has-post-thumbnail","hentry","category-aktuelt","category-fremhevet","category-rauland"],"yoast_head":"<!-- This site is optimized with the Yoast SEO plugin v27.2 - https:\/\/yoast.com\/product\/yoast-seo-wordpress\/ -->\n<title>\u00c5rets julefilm p\u00e5 Netflix er filmet p\u00e5 Rauland - S\u00e5 var det jul igjen<\/title>\n<meta name=\"robots\" content=\"index, follow, max-snippet:-1, max-image-preview:large, max-video-preview:-1\" \/>\n<link rel=\"canonical\" href=\"https:\/\/visitrauland.com\/sa-var-det-jul-igjen-netflix\/arets-julefilm-pa-netflix-er-filmet-pa-rauland\/\" \/>\n<meta property=\"og:locale\" content=\"nb_NO\" \/>\n<meta property=\"og:type\" content=\"article\" \/>\n<meta property=\"og:title\" content=\"\u00c5rets julefilm p\u00e5 Netflix er filmet p\u00e5 Rauland - S\u00e5 var det jul igjen\" \/>\n<meta property=\"og:description\" content=\"En fargerik og hjertevarm norsk julefilm hadde premiere p\u00e5 str\u00f8mmegiganten 6. desember 2023. Filmen har allerede gjort stor suksess p\u00e5 Netflix med over 10 millioner avspillinger og ligger som nr. 1 i Norge og blant topp 10 i verden! Filmen handler om Thea (Ida Ursin-Holm), som reiser til hjembygda for \u00e5 feire en tradisjonell norsk jul med familien. Men i ... Les Mer\" \/>\n<meta property=\"og:url\" content=\"https:\/\/visitrauland.com\/sa-var-det-jul-igjen-netflix\/arets-julefilm-pa-netflix-er-filmet-pa-rauland\/\" \/>\n<meta property=\"og:site_name\" content=\"S\u00e5 var det jul igjen\" \/>\n<meta property=\"article:published_time\" content=\"2023-11-21T11:29:58+00:00\" \/>\n<meta property=\"article:modified_time\" content=\"2023-12-28T11:59:02+00:00\" \/>\n<meta property=\"og:image\" content=\"https:\/\/visitrauland.com\/sa-var-det-jul-igjen-netflix\/wp-content\/uploads\/sites\/106\/2023\/11\/saa-er-det-jul-igjen_lillianjulsvik_110_grade-copy_1920_1700515237.jpg\" \/>\n\t<meta property=\"og:image:width\" content=\"1920\" \/>\n\t<meta property=\"og:image:height\" content=\"1080\" \/>\n\t<meta property=\"og:image:type\" content=\"image\/jpeg\" \/>\n<meta name=\"author\" content=\"danny\" \/>\n<meta name=\"twitter:card\" content=\"summary_large_image\" \/>\n<meta name=\"twitter:label1\" content=\"Skrevet av\" \/>\n\t<meta name=\"twitter:data1\" content=\"danny\" \/>\n\t<meta name=\"twitter:label2\" content=\"Ansl. lesetid\" \/>\n\t<meta name=\"twitter:data2\" content=\"2 minutter\" \/>\n<script type=\"application\/ld+json\" class=\"yoast-schema-graph\">{\"@context\":\"https:\/\/schema.org\",\"@graph\":[{\"@type\":\"Article\",\"@id\":\"https:\/\/visitrauland.com\/sa-var-det-jul-igjen-netflix\/arets-julefilm-pa-netflix-er-filmet-pa-rauland\/#article\",\"isPartOf\":{\"@id\":\"https:\/\/visitrauland.com\/sa-var-det-jul-igjen-netflix\/arets-julefilm-pa-netflix-er-filmet-pa-rauland\/\"},\"author\":{\"name\":\"danny\",\"@id\":\"https:\/\/visitrauland.com\/sa-var-det-jul-igjen-netflix\/#\/schema\/person\/488d11ecd1340c3c62f1436ce57facd1\"},\"headline\":\"\u00c5rets julefilm p\u00e5 Netflix er filmet p\u00e5 Rauland\",\"datePublished\":\"2023-11-21T11:29:58+00:00\",\"dateModified\":\"2023-12-28T11:59:02+00:00\",\"mainEntityOfPage\":{\"@id\":\"https:\/\/visitrauland.com\/sa-var-det-jul-igjen-netflix\/arets-julefilm-pa-netflix-er-filmet-pa-rauland\/\"},\"wordCount\":220,\"image\":{\"@id\":\"https:\/\/visitrauland.com\/sa-var-det-jul-igjen-netflix\/arets-julefilm-pa-netflix-er-filmet-pa-rauland\/#primaryimage\"},\"thumbnailUrl\":\"https:\/\/visitrauland.com\/sa-var-det-jul-igjen-netflix\/wp-content\/uploads\/sites\/106\/2023\/11\/saa-er-det-jul-igjen_lillianjulsvik_110_grade-copy_1920_1700515237.jpg\",\"articleSection\":[\"Aktuelt\",\"Fremhevet\",\"Rauland\"],\"inLanguage\":\"nb-NO\"},{\"@type\":\"WebPage\",\"@id\":\"https:\/\/visitrauland.com\/sa-var-det-jul-igjen-netflix\/arets-julefilm-pa-netflix-er-filmet-pa-rauland\/\",\"url\":\"https:\/\/visitrauland.com\/sa-var-det-jul-igjen-netflix\/arets-julefilm-pa-netflix-er-filmet-pa-rauland\/\",\"name\":\"\u00c5rets julefilm p\u00e5 Netflix er filmet p\u00e5 Rauland - S\u00e5 var det jul igjen\",\"isPartOf\":{\"@id\":\"https:\/\/visitrauland.com\/sa-var-det-jul-igjen-netflix\/#website\"},\"primaryImageOfPage\":{\"@id\":\"https:\/\/visitrauland.com\/sa-var-det-jul-igjen-netflix\/arets-julefilm-pa-netflix-er-filmet-pa-rauland\/#primaryimage\"},\"image\":{\"@id\":\"https:\/\/visitrauland.com\/sa-var-det-jul-igjen-netflix\/arets-julefilm-pa-netflix-er-filmet-pa-rauland\/#primaryimage\"},\"thumbnailUrl\":\"https:\/\/visitrauland.com\/sa-var-det-jul-igjen-netflix\/wp-content\/uploads\/sites\/106\/2023\/11\/saa-er-det-jul-igjen_lillianjulsvik_110_grade-copy_1920_1700515237.jpg\",\"datePublished\":\"2023-11-21T11:29:58+00:00\",\"dateModified\":\"2023-12-28T11:59:02+00:00\",\"author\":{\"@id\":\"https:\/\/visitrauland.com\/sa-var-det-jul-igjen-netflix\/#\/schema\/person\/488d11ecd1340c3c62f1436ce57facd1\"},\"breadcrumb\":{\"@id\":\"https:\/\/visitrauland.com\/sa-var-det-jul-igjen-netflix\/arets-julefilm-pa-netflix-er-filmet-pa-rauland\/#breadcrumb\"},\"inLanguage\":\"nb-NO\",\"potentialAction\":[{\"@type\":\"ReadAction\",\"target\":[\"https:\/\/visitrauland.com\/sa-var-det-jul-igjen-netflix\/arets-julefilm-pa-netflix-er-filmet-pa-rauland\/\"]}]},{\"@type\":\"ImageObject\",\"inLanguage\":\"nb-NO\",\"@id\":\"https:\/\/visitrauland.com\/sa-var-det-jul-igjen-netflix\/arets-julefilm-pa-netflix-er-filmet-pa-rauland\/#primaryimage\",\"url\":\"https:\/\/visitrauland.com\/sa-var-det-jul-igjen-netflix\/wp-content\/uploads\/sites\/106\/2023\/11\/saa-er-det-jul-igjen_lillianjulsvik_110_grade-copy_1920_1700515237.jpg\",\"contentUrl\":\"https:\/\/visitrauland.com\/sa-var-det-jul-igjen-netflix\/wp-content\/uploads\/sites\/106\/2023\/11\/saa-er-det-jul-igjen_lillianjulsvik_110_grade-copy_1920_1700515237.jpg\",\"width\":1920,\"height\":1080,\"caption\":\"Feststemt familie i bunad foran et julepyntet hus og tre i vinterlandskap. Stemningsfull norsk julefeiring.\"},{\"@type\":\"BreadcrumbList\",\"@id\":\"https:\/\/visitrauland.com\/sa-var-det-jul-igjen-netflix\/arets-julefilm-pa-netflix-er-filmet-pa-rauland\/#breadcrumb\",\"itemListElement\":[{\"@type\":\"ListItem\",\"position\":1,\"name\":\"Hjem\",\"item\":\"https:\/\/visitrauland.com\/sa-var-det-jul-igjen-netflix\/\"},{\"@type\":\"ListItem\",\"position\":2,\"name\":\"\u00c5rets julefilm p\u00e5 Netflix er filmet p\u00e5 Rauland\"}]},{\"@type\":\"WebSite\",\"@id\":\"https:\/\/visitrauland.com\/sa-var-det-jul-igjen-netflix\/#website\",\"url\":\"https:\/\/visitrauland.com\/sa-var-det-jul-igjen-netflix\/\",\"name\":\"S\u00e5 var det jul igjen\",\"description\":\"Julefilm spilt inn p\u00e5 Rauland\",\"potentialAction\":[{\"@type\":\"SearchAction\",\"target\":{\"@type\":\"EntryPoint\",\"urlTemplate\":\"https:\/\/visitrauland.com\/sa-var-det-jul-igjen-netflix\/?s={search_term_string}\"},\"query-input\":{\"@type\":\"PropertyValueSpecification\",\"valueRequired\":true,\"valueName\":\"search_term_string\"}}],\"inLanguage\":\"nb-NO\"},{\"@type\":\"Person\",\"@id\":\"https:\/\/visitrauland.com\/sa-var-det-jul-igjen-netflix\/#\/schema\/person\/488d11ecd1340c3c62f1436ce57facd1\",\"name\":\"danny\",\"image\":{\"@type\":\"ImageObject\",\"inLanguage\":\"nb-NO\",\"@id\":\"https:\/\/secure.gravatar.com\/avatar\/f3d6f0f3317d4f09c36b5b4f977fde71a9817737244d0c1f4162ac79c71efee2?s=96&d=mm&r=g\",\"url\":\"https:\/\/secure.gravatar.com\/avatar\/f3d6f0f3317d4f09c36b5b4f977fde71a9817737244d0c1f4162ac79c71efee2?s=96&d=mm&r=g\",\"contentUrl\":\"https:\/\/secure.gravatar.com\/avatar\/f3d6f0f3317d4f09c36b5b4f977fde71a9817737244d0c1f4162ac79c71efee2?s=96&d=mm&r=g\",\"caption\":\"danny\"},\"url\":\"https:\/\/visitrauland.com\/sa-var-det-jul-igjen-netflix\/author\/danny\/\"}]}<\/script>\n<!-- \/ Yoast SEO plugin. -->","yoast_head_json":{"title":"\u00c5rets julefilm p\u00e5 Netflix er filmet p\u00e5 Rauland - S\u00e5 var det jul igjen","robots":{"index":"index","follow":"follow","max-snippet":"max-snippet:-1","max-image-preview":"max-image-preview:large","max-video-preview":"max-video-preview:-1"},"canonical":"https:\/\/visitrauland.com\/sa-var-det-jul-igjen-netflix\/arets-julefilm-pa-netflix-er-filmet-pa-rauland\/","og_locale":"nb_NO","og_type":"article","og_title":"\u00c5rets julefilm p\u00e5 Netflix er filmet p\u00e5 Rauland - S\u00e5 var det jul igjen","og_description":"En fargerik og hjertevarm norsk julefilm hadde premiere p\u00e5 str\u00f8mmegiganten 6. desember 2023. Filmen har allerede gjort stor suksess p\u00e5 Netflix med over 10 millioner avspillinger og ligger som nr. 1 i Norge og blant topp 10 i verden! Filmen handler om Thea (Ida Ursin-Holm), som reiser til hjembygda for \u00e5 feire en tradisjonell norsk jul med familien. Men i ... Les Mer","og_url":"https:\/\/visitrauland.com\/sa-var-det-jul-igjen-netflix\/arets-julefilm-pa-netflix-er-filmet-pa-rauland\/","og_site_name":"S\u00e5 var det jul igjen","article_published_time":"2023-11-21T11:29:58+00:00","article_modified_time":"2023-12-28T11:59:02+00:00","og_image":[{"width":1920,"height":1080,"url":"https:\/\/visitrauland.com\/sa-var-det-jul-igjen-netflix\/wp-content\/uploads\/sites\/106\/2023\/11\/saa-er-det-jul-igjen_lillianjulsvik_110_grade-copy_1920_1700515237.jpg","type":"image\/jpeg"}],"author":"danny","twitter_card":"summary_large_image","twitter_misc":{"Skrevet av":"danny","Ansl. lesetid":"2 minutter"},"schema":{"@context":"https:\/\/schema.org","@graph":[{"@type":"Article","@id":"https:\/\/visitrauland.com\/sa-var-det-jul-igjen-netflix\/arets-julefilm-pa-netflix-er-filmet-pa-rauland\/#article","isPartOf":{"@id":"https:\/\/visitrauland.com\/sa-var-det-jul-igjen-netflix\/arets-julefilm-pa-netflix-er-filmet-pa-rauland\/"},"author":{"name":"danny","@id":"https:\/\/visitrauland.com\/sa-var-det-jul-igjen-netflix\/#\/schema\/person\/488d11ecd1340c3c62f1436ce57facd1"},"headline":"\u00c5rets julefilm p\u00e5 Netflix er filmet p\u00e5 Rauland","datePublished":"2023-11-21T11:29:58+00:00","dateModified":"2023-12-28T11:59:02+00:00","mainEntityOfPage":{"@id":"https:\/\/visitrauland.com\/sa-var-det-jul-igjen-netflix\/arets-julefilm-pa-netflix-er-filmet-pa-rauland\/"},"wordCount":220,"image":{"@id":"https:\/\/visitrauland.com\/sa-var-det-jul-igjen-netflix\/arets-julefilm-pa-netflix-er-filmet-pa-rauland\/#primaryimage"},"thumbnailUrl":"https:\/\/visitrauland.com\/sa-var-det-jul-igjen-netflix\/wp-content\/uploads\/sites\/106\/2023\/11\/saa-er-det-jul-igjen_lillianjulsvik_110_grade-copy_1920_1700515237.jpg","articleSection":["Aktuelt","Fremhevet","Rauland"],"inLanguage":"nb-NO"},{"@type":"WebPage","@id":"https:\/\/visitrauland.com\/sa-var-det-jul-igjen-netflix\/arets-julefilm-pa-netflix-er-filmet-pa-rauland\/","url":"https:\/\/visitrauland.com\/sa-var-det-jul-igjen-netflix\/arets-julefilm-pa-netflix-er-filmet-pa-rauland\/","name":"\u00c5rets julefilm p\u00e5 Netflix er filmet p\u00e5 Rauland - S\u00e5 var det jul igjen","isPartOf":{"@id":"https:\/\/visitrauland.com\/sa-var-det-jul-igjen-netflix\/#website"},"primaryImageOfPage":{"@id":"https:\/\/visitrauland.com\/sa-var-det-jul-igjen-netflix\/arets-julefilm-pa-netflix-er-filmet-pa-rauland\/#primaryimage"},"image":{"@id":"https:\/\/visitrauland.com\/sa-var-det-jul-igjen-netflix\/arets-julefilm-pa-netflix-er-filmet-pa-rauland\/#primaryimage"},"thumbnailUrl":"https:\/\/visitrauland.com\/sa-var-det-jul-igjen-netflix\/wp-content\/uploads\/sites\/106\/2023\/11\/saa-er-det-jul-igjen_lillianjulsvik_110_grade-copy_1920_1700515237.jpg","datePublished":"2023-11-21T11:29:58+00:00","dateModified":"2023-12-28T11:59:02+00:00","author":{"@id":"https:\/\/visitrauland.com\/sa-var-det-jul-igjen-netflix\/#\/schema\/person\/488d11ecd1340c3c62f1436ce57facd1"},"breadcrumb":{"@id":"https:\/\/visitrauland.com\/sa-var-det-jul-igjen-netflix\/arets-julefilm-pa-netflix-er-filmet-pa-rauland\/#breadcrumb"},"inLanguage":"nb-NO","potentialAction":[{"@type":"ReadAction","target":["https:\/\/visitrauland.com\/sa-var-det-jul-igjen-netflix\/arets-julefilm-pa-netflix-er-filmet-pa-rauland\/"]}]},{"@type":"ImageObject","inLanguage":"nb-NO","@id":"https:\/\/visitrauland.com\/sa-var-det-jul-igjen-netflix\/arets-julefilm-pa-netflix-er-filmet-pa-rauland\/#primaryimage","url":"https:\/\/visitrauland.com\/sa-var-det-jul-igjen-netflix\/wp-content\/uploads\/sites\/106\/2023\/11\/saa-er-det-jul-igjen_lillianjulsvik_110_grade-copy_1920_1700515237.jpg","contentUrl":"https:\/\/visitrauland.com\/sa-var-det-jul-igjen-netflix\/wp-content\/uploads\/sites\/106\/2023\/11\/saa-er-det-jul-igjen_lillianjulsvik_110_grade-copy_1920_1700515237.jpg","width":1920,"height":1080,"caption":"Feststemt familie i bunad foran et julepyntet hus og tre i vinterlandskap. Stemningsfull norsk julefeiring."},{"@type":"BreadcrumbList","@id":"https:\/\/visitrauland.com\/sa-var-det-jul-igjen-netflix\/arets-julefilm-pa-netflix-er-filmet-pa-rauland\/#breadcrumb","itemListElement":[{"@type":"ListItem","position":1,"name":"Hjem","item":"https:\/\/visitrauland.com\/sa-var-det-jul-igjen-netflix\/"},{"@type":"ListItem","position":2,"name":"\u00c5rets julefilm p\u00e5 Netflix er filmet p\u00e5 Rauland"}]},{"@type":"WebSite","@id":"https:\/\/visitrauland.com\/sa-var-det-jul-igjen-netflix\/#website","url":"https:\/\/visitrauland.com\/sa-var-det-jul-igjen-netflix\/","name":"S\u00e5 var det jul igjen","description":"Julefilm spilt inn p\u00e5 Rauland","potentialAction":[{"@type":"SearchAction","target":{"@type":"EntryPoint","urlTemplate":"https:\/\/visitrauland.com\/sa-var-det-jul-igjen-netflix\/?s={search_term_string}"},"query-input":{"@type":"PropertyValueSpecification","valueRequired":true,"valueName":"search_term_string"}}],"inLanguage":"nb-NO"},{"@type":"Person","@id":"https:\/\/visitrauland.com\/sa-var-det-jul-igjen-netflix\/#\/schema\/person\/488d11ecd1340c3c62f1436ce57facd1","name":"danny","image":{"@type":"ImageObject","inLanguage":"nb-NO","@id":"https:\/\/secure.gravatar.com\/avatar\/f3d6f0f3317d4f09c36b5b4f977fde71a9817737244d0c1f4162ac79c71efee2?s=96&d=mm&r=g","url":"https:\/\/secure.gravatar.com\/avatar\/f3d6f0f3317d4f09c36b5b4f977fde71a9817737244d0c1f4162ac79c71efee2?s=96&d=mm&r=g","contentUrl":"https:\/\/secure.gravatar.com\/avatar\/f3d6f0f3317d4f09c36b5b4f977fde71a9817737244d0c1f4162ac79c71efee2?s=96&d=mm&r=g","caption":"danny"},"url":"https:\/\/visitrauland.com\/sa-var-det-jul-igjen-netflix\/author\/danny\/"}]}},"gt_translate_keys":[{"key":"link","format":"url"}],"_links":{"self":[{"href":"https:\/\/visitrauland.com\/sa-var-det-jul-igjen-netflix\/wp-json\/wp\/v2\/posts\/2051","targetHints":{"allow":["GET"]}}],"collection":[{"href":"https:\/\/visitrauland.com\/sa-var-det-jul-igjen-netflix\/wp-json\/wp\/v2\/posts"}],"about":[{"href":"https:\/\/visitrauland.com\/sa-var-det-jul-igjen-netflix\/wp-json\/wp\/v2\/types\/post"}],"author":[{"embeddable":true,"href":"https:\/\/visitrauland.com\/sa-var-det-jul-igjen-netflix\/wp-json\/wp\/v2\/users\/10"}],"replies":[{"embeddable":true,"href":"https:\/\/visitrauland.com\/sa-var-det-jul-igjen-netflix\/wp-json\/wp\/v2\/comments?post=2051"}],"version-history":[{"count":13,"href":"https:\/\/visitrauland.com\/sa-var-det-jul-igjen-netflix\/wp-json\/wp\/v2\/posts\/2051\/revisions"}],"predecessor-version":[{"id":2077,"href":"https:\/\/visitrauland.com\/sa-var-det-jul-igjen-netflix\/wp-json\/wp\/v2\/posts\/2051\/revisions\/2077"}],"wp:featuredmedia":[{"embeddable":true,"href":"https:\/\/visitrauland.com\/sa-var-det-jul-igjen-netflix\/wp-json\/wp\/v2\/media\/2039"}],"wp:attachment":[{"href":"https:\/\/visitrauland.com\/sa-var-det-jul-igjen-netflix\/wp-json\/wp\/v2\/media?parent=2051"}],"wp:term":[{"taxonomy":"category","embeddable":true,"href":"https:\/\/visitrauland.com\/sa-var-det-jul-igjen-netflix\/wp-json\/wp\/v2\/categories?post=2051"},{"taxonomy":"post_tag","embeddable":true,"href":"https:\/\/visitrauland.com\/sa-var-det-jul-igjen-netflix\/wp-json\/wp\/v2\/tags?post=2051"}],"curies":[{"name":"wp","href":"https:\/\/api.w.org\/{rel}","templated":true}]}}