{"id":2729,"date":"2026-04-06T17:15:21","date_gmt":"2026-04-06T15:15:21","guid":{"rendered":"https:\/\/visitrauland.com\/raulandhistorielag\/?p=2729"},"modified":"2026-04-06T17:17:02","modified_gmt":"2026-04-06T15:17:02","slug":"fra-jernalder-til-2000-tal-populaer-og-spennande-var-i-rauland-historielag","status":"publish","type":"post","link":"https:\/\/visitrauland.com\/raulandhistorielag\/fra-jernalder-til-2000-tal-populaer-og-spennande-var-i-rauland-historielag\/","title":{"rendered":"Fr\u00e5 jernalder til 2000-tal &#8211; popul\u00e6r og spennande v\u00e5r i Rauland historielag","gt_translate_keys":[{"key":"rendered","format":"text"}]},"content":{"rendered":"<p>V\u00e5ren 2026 har vore b\u00e5de variert og interessant i historielaget. Med tre veldig forskjellige temakveldar og jubileumsfest har det vore noko for nokon og einkvar. <\/p>\n\n\n\n<h2 class=\"wp-block-heading\">Jern og handel i mellomalderen <\/h2>\n\n\n\n<p>Tysdag 17. februar starta arkeolog Kjetil Loftsgarden v\u00e5rsemesteret med eit spennande foredrag om den nye boka si <em>Utmarksriket &#8211; Telemark i perioden 400 -1400. <\/em>Boka tek f\u00f8re seg korleis utmarka og ressursane p\u00e5verka livet i \u00d8vre Telemark i perioden. Kjetil fokuserte s\u00e6rlig p\u00e5 jernutvinning i Rauland-og M\u00f8sstrondsomr\u00e5det, som i vikingtid og tidlig mellomalder var ei stor og viktig handelsvare. Mange hadde tatt turen til Akademiet denne kvelden for \u00e5 h\u00f8yre om lokal historie i ei fjern fortid. <\/p>\n\n\n\n<figure class=\"wp-block-image size-large\"><noscript><img decoding=\"async\" width=\"1024\" height=\"768\" src=\"https:\/\/visitrauland.com\/raulandhistorielag\/wp-content\/uploads\/sites\/113\/2026\/04\/SGYHMbVy_1775486399-1024x768.jpg\" alt=\"Folk samles i et klasserom for \u00e5 h\u00f8re p\u00e5 en presentasjon med kartvisning. Engasjert deltakelse.\" class=\"wp-image-2730\" srcset=\"https:\/\/visitrauland.com\/raulandhistorielag\/wp-content\/uploads\/sites\/113\/2026\/04\/SGYHMbVy_1775486399-1024x768.jpg 1024w, https:\/\/visitrauland.com\/raulandhistorielag\/wp-content\/uploads\/sites\/113\/2026\/04\/SGYHMbVy_1775486399-300x225.jpg 300w, https:\/\/visitrauland.com\/raulandhistorielag\/wp-content\/uploads\/sites\/113\/2026\/04\/SGYHMbVy_1775486399-768x576.jpg 768w, https:\/\/visitrauland.com\/raulandhistorielag\/wp-content\/uploads\/sites\/113\/2026\/04\/SGYHMbVy_1775486399-1536x1152.jpg 1536w, https:\/\/visitrauland.com\/raulandhistorielag\/wp-content\/uploads\/sites\/113\/2026\/04\/SGYHMbVy_1775486399-500x375.jpg 500w, https:\/\/visitrauland.com\/raulandhistorielag\/wp-content\/uploads\/sites\/113\/2026\/04\/SGYHMbVy_1775486399-100x75.jpg 100w, https:\/\/visitrauland.com\/raulandhistorielag\/wp-content\/uploads\/sites\/113\/2026\/04\/SGYHMbVy_1775486399-862x647.jpg 862w, https:\/\/visitrauland.com\/raulandhistorielag\/wp-content\/uploads\/sites\/113\/2026\/04\/SGYHMbVy_1775486399-1200x900.jpg 1200w, https:\/\/visitrauland.com\/raulandhistorielag\/wp-content\/uploads\/sites\/113\/2026\/04\/SGYHMbVy_1775486399.jpg 2048w\" sizes=\"(max-width: 1024px) 100vw, 1024px\"><\/noscript><img decoding=\"async\" width=\"1024\" height=\"768\" src=\"data:image\/svg+xml,%3Csvg%20xmlns%3D%22http%3A%2F%2Fwww.w3.org%2F2000%2Fsvg%22%20viewBox%3D%220%200%201024%20768%22%3E%3C%2Fsvg%3E\" alt=\"Folk samles i et klasserom for \u00e5 h\u00f8re p\u00e5 en presentasjon med kartvisning. Engasjert deltakelse.\" class=\"wp-image-2730 lazyload\" srcset=\"data:image\/svg+xml,%3Csvg%20xmlns%3D%22http%3A%2F%2Fwww.w3.org%2F2000%2Fsvg%22%20viewBox%3D%220%200%201024%20768%22%3E%3C%2Fsvg%3E 1024w\" sizes=\"(max-width: 1024px) 100vw, 1024px\" data-srcset=\"https:\/\/visitrauland.com\/raulandhistorielag\/wp-content\/uploads\/sites\/113\/2026\/04\/SGYHMbVy_1775486399-1024x768.jpg 1024w, https:\/\/visitrauland.com\/raulandhistorielag\/wp-content\/uploads\/sites\/113\/2026\/04\/SGYHMbVy_1775486399-300x225.jpg 300w, https:\/\/visitrauland.com\/raulandhistorielag\/wp-content\/uploads\/sites\/113\/2026\/04\/SGYHMbVy_1775486399-768x576.jpg 768w, https:\/\/visitrauland.com\/raulandhistorielag\/wp-content\/uploads\/sites\/113\/2026\/04\/SGYHMbVy_1775486399-1536x1152.jpg 1536w, https:\/\/visitrauland.com\/raulandhistorielag\/wp-content\/uploads\/sites\/113\/2026\/04\/SGYHMbVy_1775486399-500x375.jpg 500w, https:\/\/visitrauland.com\/raulandhistorielag\/wp-content\/uploads\/sites\/113\/2026\/04\/SGYHMbVy_1775486399-100x75.jpg 100w, https:\/\/visitrauland.com\/raulandhistorielag\/wp-content\/uploads\/sites\/113\/2026\/04\/SGYHMbVy_1775486399-862x647.jpg 862w, https:\/\/visitrauland.com\/raulandhistorielag\/wp-content\/uploads\/sites\/113\/2026\/04\/SGYHMbVy_1775486399-1200x900.jpg 1200w, https:\/\/visitrauland.com\/raulandhistorielag\/wp-content\/uploads\/sites\/113\/2026\/04\/SGYHMbVy_1775486399.jpg 2048w\" data-src=\"https:\/\/visitrauland.com\/raulandhistorielag\/wp-content\/uploads\/sites\/113\/2026\/04\/SGYHMbVy_1775486399-1024x768.jpg\"><figcaption class=\"wp-element-caption\">Mange tok turen for \u00e5 h\u00f8yre p\u00e5 Kjetil Loftsgarden i februar. <\/figcaption><\/figure>\n\n\n\n<h2 class=\"wp-block-heading\">Fr\u00e5 sti og slep til fylkesveg <\/h2>\n\n\n\n<p>Neste temakveld var 17. mars d\u00e5 Birger Kjelingtveit fortalte og synte bilete om spor, og utviklinga av transport i Raulandsommr\u00e5det. Fr\u00e5 tiar og dyretr\u00e5kk til fylkesvegen som etterkvart kom. <\/p>\n\n\n\n<h2 class=\"wp-block-heading\">Raulandsguten som blei &laquo;Noregs dyraste mann&raquo;. <\/h2>\n\n\n\n<p>Torsdag 26. mars inviterte vi til ein ein litt annleis temakveld &#8211; d\u00e5 Astrid Versto snakka med Tore Godal og forfattar Aashild S\u00f8rheim som har gjeve ut boka <em><a href=\"https:\/\/www.ark.no\/produkt\/boker\/dokumentar-og-faktaboker\/norges-dyreste-mann-9788283230468\">Noregs dyraste mann &#8211; historia om l\u00e6kjaren Tore Godal. <\/a><\/em><\/p>\n\n\n\n<p>Tore Godal er f\u00f8dt og oppvaksen p\u00e5 prestegarden i Rauland og dr\u00f8ymde om \u00e5 bli distriktsl\u00e6kjar p\u00e5 Rauland. Istaden vart internasjonalt folkehelsearbeid livsvegen. Tore er for dei fleste raulenningar kanskje den minst kjente av syskena sine (Ellen, Ingvald og Jon) men kanskje den best internasjonalt kjente. Han har fleire ti\u00e5rs arbeid bak seg og med \u00e5 jobbe for \u00e5 jobbe for folkehelse i verdas fattigaste land og med nokre av verdas mest farlige sjukdommar &#8211; Malaria, Ebola, Tuberkolose, Aids og Lepre\/spedalskhet. Han har mellom anna vore med \u00e5 etablere organisasjonen <a href=\"https:\/\/www.gavi.org\/\" id=\"https:\/\/www.gavi.org\/\">GAVI &#8211; the Vaccine Alliance<\/a>, som sidan 2000 har vaksinert meir enn 1,1, milliardar barn.  <\/p>\n\n\n\n<p>Det internasjonalt velkjende medisinske tidskriftet \u00abThe Lancet\u00bb skreiv om Godal: \u00ab\u2026.han er en av de mest innflytelsesrike legene gjennom tidene innen global helse.\u00bb Og Jens Stoltenberg har uttala: \u00abTore er den dyreste nordmannen i historien. Med et mulig unntak for Fridtjof Nansen, er han den nordmannen som har bidratt til \u00e5 berge flest liv.\u00bb<\/p>\n\n\n\n<p>Mange raulenningar tok vegen for \u00e5 h\u00f8yre p\u00e5 Tore Godal i Vesaassalen, 86- \u00e5ringen som framleis kjenner seg som ein raulenning sj\u00f8lv etter mange \u00e5r utanfor bygda. <\/p>\n\n\n\n<figure class=\"wp-block-image size-large\"><noscript><img decoding=\"async\" width=\"1024\" height=\"666\" src=\"https:\/\/visitrauland.com\/raulandhistorielag\/wp-content\/uploads\/sites\/113\/2026\/03\/toregodal_schulerud_soltenberg_tanzania_1773785365-1024x666.jpg\" alt=\"M\u00f8te mellom personer utenfor et hus i en landsby, med fokus p\u00e5 samtale og kulturutveksling.\" class=\"wp-image-2718\" srcset=\"https:\/\/visitrauland.com\/raulandhistorielag\/wp-content\/uploads\/sites\/113\/2026\/03\/toregodal_schulerud_soltenberg_tanzania_1773785365-1024x666.jpg 1024w, https:\/\/visitrauland.com\/raulandhistorielag\/wp-content\/uploads\/sites\/113\/2026\/03\/toregodal_schulerud_soltenberg_tanzania_1773785365-300x195.jpg 300w, https:\/\/visitrauland.com\/raulandhistorielag\/wp-content\/uploads\/sites\/113\/2026\/03\/toregodal_schulerud_soltenberg_tanzania_1773785365-768x499.jpg 768w, https:\/\/visitrauland.com\/raulandhistorielag\/wp-content\/uploads\/sites\/113\/2026\/03\/toregodal_schulerud_soltenberg_tanzania_1773785365-1536x998.jpg 1536w, https:\/\/visitrauland.com\/raulandhistorielag\/wp-content\/uploads\/sites\/113\/2026\/03\/toregodal_schulerud_soltenberg_tanzania_1773785365-500x325.jpg 500w, https:\/\/visitrauland.com\/raulandhistorielag\/wp-content\/uploads\/sites\/113\/2026\/03\/toregodal_schulerud_soltenberg_tanzania_1773785365-100x65.jpg 100w, https:\/\/visitrauland.com\/raulandhistorielag\/wp-content\/uploads\/sites\/113\/2026\/03\/toregodal_schulerud_soltenberg_tanzania_1773785365-862x560.jpg 862w, https:\/\/visitrauland.com\/raulandhistorielag\/wp-content\/uploads\/sites\/113\/2026\/03\/toregodal_schulerud_soltenberg_tanzania_1773785365-1200x780.jpg 1200w, https:\/\/visitrauland.com\/raulandhistorielag\/wp-content\/uploads\/sites\/113\/2026\/03\/toregodal_schulerud_soltenberg_tanzania_1773785365.jpg 2000w\" sizes=\"(max-width: 1024px) 100vw, 1024px\"><\/noscript><img decoding=\"async\" width=\"1024\" height=\"666\" src=\"data:image\/svg+xml,%3Csvg%20xmlns%3D%22http%3A%2F%2Fwww.w3.org%2F2000%2Fsvg%22%20viewBox%3D%220%200%201024%20666%22%3E%3C%2Fsvg%3E\" alt=\"M\u00f8te mellom personer utenfor et hus i en landsby, med fokus p\u00e5 samtale og kulturutveksling.\" class=\"wp-image-2718 lazyload\" srcset=\"data:image\/svg+xml,%3Csvg%20xmlns%3D%22http%3A%2F%2Fwww.w3.org%2F2000%2Fsvg%22%20viewBox%3D%220%200%201024%20666%22%3E%3C%2Fsvg%3E 1024w\" sizes=\"(max-width: 1024px) 100vw, 1024px\" data-srcset=\"https:\/\/visitrauland.com\/raulandhistorielag\/wp-content\/uploads\/sites\/113\/2026\/03\/toregodal_schulerud_soltenberg_tanzania_1773785365-1024x666.jpg 1024w, https:\/\/visitrauland.com\/raulandhistorielag\/wp-content\/uploads\/sites\/113\/2026\/03\/toregodal_schulerud_soltenberg_tanzania_1773785365-300x195.jpg 300w, https:\/\/visitrauland.com\/raulandhistorielag\/wp-content\/uploads\/sites\/113\/2026\/03\/toregodal_schulerud_soltenberg_tanzania_1773785365-768x499.jpg 768w, https:\/\/visitrauland.com\/raulandhistorielag\/wp-content\/uploads\/sites\/113\/2026\/03\/toregodal_schulerud_soltenberg_tanzania_1773785365-1536x998.jpg 1536w, https:\/\/visitrauland.com\/raulandhistorielag\/wp-content\/uploads\/sites\/113\/2026\/03\/toregodal_schulerud_soltenberg_tanzania_1773785365-500x325.jpg 500w, https:\/\/visitrauland.com\/raulandhistorielag\/wp-content\/uploads\/sites\/113\/2026\/03\/toregodal_schulerud_soltenberg_tanzania_1773785365-100x65.jpg 100w, https:\/\/visitrauland.com\/raulandhistorielag\/wp-content\/uploads\/sites\/113\/2026\/03\/toregodal_schulerud_soltenberg_tanzania_1773785365-862x560.jpg 862w, https:\/\/visitrauland.com\/raulandhistorielag\/wp-content\/uploads\/sites\/113\/2026\/03\/toregodal_schulerud_soltenberg_tanzania_1773785365-1200x780.jpg 1200w, https:\/\/visitrauland.com\/raulandhistorielag\/wp-content\/uploads\/sites\/113\/2026\/03\/toregodal_schulerud_soltenberg_tanzania_1773785365.jpg 2000w\" data-src=\"https:\/\/visitrauland.com\/raulandhistorielag\/wp-content\/uploads\/sites\/113\/2026\/03\/toregodal_schulerud_soltenberg_tanzania_1773785365-1024x666.jpg\"><figcaption class=\"wp-element-caption\">Tore Godal og Jens Stoltenberg i Tanzania <\/figcaption><\/figure>\n\n\n\n<p><\/p>\n","protected":false,"gt_translate_keys":[{"key":"rendered","format":"html"}]},"excerpt":{"rendered":"<p>V\u00e5ren 2026 har vore b\u00e5de variert og interessant i historielaget. Med tre veldig forskjellige temakveldar og jubileumsfest har det vore noko for nokon og einkvar. Jern og handel i mellomalderen Tysdag 17. februar starta arkeolog Kjetil Loftsgarden v\u00e5rsemesteret med eit spennande foredrag om den nye boka si Utmarksriket &#8211; Telemark i perioden 400 -1400. Boka tek f\u00f8re seg korleis utmarka &#8230; <\/p>\n<div><a href=\"https:\/\/visitrauland.com\/raulandhistorielag\/fra-jernalder-til-2000-tal-populaer-og-spennande-var-i-rauland-historielag\/\" class=\"more-link\">Les Mer<\/a><\/div>\n","protected":false,"gt_translate_keys":[{"key":"rendered","format":"html"}]},"author":29,"featured_media":2724,"comment_status":"closed","ping_status":"closed","sticky":false,"template":"","format":"standard","meta":{"_relevanssi_hide_post":"","_relevanssi_hide_content":"","_relevanssi_pin_for_all":"","_relevanssi_pin_keywords":"","_relevanssi_unpin_keywords":"","_relevanssi_related_keywords":"","_relevanssi_related_include_ids":"","_relevanssi_related_exclude_ids":"","_relevanssi_related_no_append":"","_relevanssi_related_not_related":"","_relevanssi_related_posts":"2068,2686,2252,2064,2564,2061","_relevanssi_noindex_reason":"","seo_booster_metabox":"","footnotes":""},"categories":[14,1],"tags":[],"class_list":["post-2729","post","type-post","status-publish","format-standard","has-post-thumbnail","hentry","category-aktuelt","category-uncategorized-no"],"yoast_head":"<!-- This site is optimized with the Yoast SEO plugin v27.5 - https:\/\/yoast.com\/product\/yoast-seo-wordpress\/ -->\n<title>Fr\u00e5 jernalder til 2000-tal - popul\u00e6r og spennande v\u00e5r i Rauland historielag - Rauland Historielag<\/title>\n<meta name=\"robots\" content=\"index, follow, max-snippet:-1, max-image-preview:large, max-video-preview:-1\" \/>\n<link rel=\"canonical\" href=\"https:\/\/visitrauland.com\/raulandhistorielag\/fra-jernalder-til-2000-tal-populaer-og-spennande-var-i-rauland-historielag\/\" \/>\n<meta property=\"og:locale\" content=\"nb_NO\" \/>\n<meta property=\"og:type\" content=\"article\" \/>\n<meta property=\"og:title\" content=\"Fr\u00e5 jernalder til 2000-tal - popul\u00e6r og spennande v\u00e5r i Rauland historielag - Rauland Historielag\" \/>\n<meta property=\"og:description\" content=\"V\u00e5ren 2026 har vore b\u00e5de variert og interessant i historielaget. Med tre veldig forskjellige temakveldar og jubileumsfest har det vore noko for nokon og einkvar. Jern og handel i mellomalderen Tysdag 17. februar starta arkeolog Kjetil Loftsgarden v\u00e5rsemesteret med eit spennande foredrag om den nye boka si Utmarksriket &#8211; Telemark i perioden 400 -1400. Boka tek f\u00f8re seg korleis utmarka ... Les Mer\" \/>\n<meta property=\"og:url\" content=\"https:\/\/visitrauland.com\/raulandhistorielag\/fra-jernalder-til-2000-tal-populaer-og-spennande-var-i-rauland-historielag\/\" \/>\n<meta property=\"og:site_name\" content=\"Rauland Historielag\" \/>\n<meta property=\"article:published_time\" content=\"2026-04-06T15:15:21+00:00\" \/>\n<meta property=\"article:modified_time\" content=\"2026-04-06T15:17:02+00:00\" \/>\n<meta property=\"og:image\" content=\"https:\/\/visitrauland.com\/raulandhistorielag\/wp-content\/uploads\/sites\/113\/2026\/03\/toregodal_schulerud_soltenberg_tanzania_1920_1773788071.jpg\" \/>\n\t<meta property=\"og:image:width\" content=\"1920\" \/>\n\t<meta property=\"og:image:height\" content=\"1080\" \/>\n\t<meta property=\"og:image:type\" content=\"image\/jpeg\" \/>\n<meta name=\"author\" content=\"marie\" \/>\n<meta name=\"twitter:card\" content=\"summary_large_image\" \/>\n<meta name=\"twitter:label1\" content=\"Skrevet av\" \/>\n\t<meta name=\"twitter:data1\" content=\"marie\" \/>\n\t<meta name=\"twitter:label2\" content=\"Ansl. lesetid\" \/>\n\t<meta name=\"twitter:data2\" content=\"3 minutter\" \/>\n<script type=\"application\/ld+json\" class=\"yoast-schema-graph\">{\"@context\":\"https:\\\/\\\/schema.org\",\"@graph\":[{\"@type\":\"Article\",\"@id\":\"https:\\\/\\\/visitrauland.com\\\/raulandhistorielag\\\/fra-jernalder-til-2000-tal-populaer-og-spennande-var-i-rauland-historielag\\\/#article\",\"isPartOf\":{\"@id\":\"https:\\\/\\\/visitrauland.com\\\/raulandhistorielag\\\/fra-jernalder-til-2000-tal-populaer-og-spennande-var-i-rauland-historielag\\\/\"},\"author\":{\"name\":\"marie\",\"@id\":\"https:\\\/\\\/visitrauland.com\\\/raulandhistorielag\\\/#\\\/schema\\\/person\\\/e683447e0ae3bb2d30ca84392e4aa88f\"},\"headline\":\"Fr\u00e5 jernalder til 2000-tal &#8211; popul\u00e6r og spennande v\u00e5r i Rauland historielag\",\"datePublished\":\"2026-04-06T15:15:21+00:00\",\"dateModified\":\"2026-04-06T15:17:02+00:00\",\"mainEntityOfPage\":{\"@id\":\"https:\\\/\\\/visitrauland.com\\\/raulandhistorielag\\\/fra-jernalder-til-2000-tal-populaer-og-spennande-var-i-rauland-historielag\\\/\"},\"wordCount\":409,\"image\":{\"@id\":\"https:\\\/\\\/visitrauland.com\\\/raulandhistorielag\\\/fra-jernalder-til-2000-tal-populaer-og-spennande-var-i-rauland-historielag\\\/#primaryimage\"},\"thumbnailUrl\":\"https:\\\/\\\/visitrauland.com\\\/raulandhistorielag\\\/wp-content\\\/uploads\\\/sites\\\/113\\\/2026\\\/03\\\/toregodal_schulerud_soltenberg_tanzania_1920_1773788071.jpg\",\"articleSection\":[\"Aktuelt\",\"Uncategorized @no\"],\"inLanguage\":\"nb-NO\"},{\"@type\":\"WebPage\",\"@id\":\"https:\\\/\\\/visitrauland.com\\\/raulandhistorielag\\\/fra-jernalder-til-2000-tal-populaer-og-spennande-var-i-rauland-historielag\\\/\",\"url\":\"https:\\\/\\\/visitrauland.com\\\/raulandhistorielag\\\/fra-jernalder-til-2000-tal-populaer-og-spennande-var-i-rauland-historielag\\\/\",\"name\":\"Fr\u00e5 jernalder til 2000-tal - popul\u00e6r og spennande v\u00e5r i Rauland historielag - Rauland Historielag\",\"isPartOf\":{\"@id\":\"https:\\\/\\\/visitrauland.com\\\/raulandhistorielag\\\/#website\"},\"primaryImageOfPage\":{\"@id\":\"https:\\\/\\\/visitrauland.com\\\/raulandhistorielag\\\/fra-jernalder-til-2000-tal-populaer-og-spennande-var-i-rauland-historielag\\\/#primaryimage\"},\"image\":{\"@id\":\"https:\\\/\\\/visitrauland.com\\\/raulandhistorielag\\\/fra-jernalder-til-2000-tal-populaer-og-spennande-var-i-rauland-historielag\\\/#primaryimage\"},\"thumbnailUrl\":\"https:\\\/\\\/visitrauland.com\\\/raulandhistorielag\\\/wp-content\\\/uploads\\\/sites\\\/113\\\/2026\\\/03\\\/toregodal_schulerud_soltenberg_tanzania_1920_1773788071.jpg\",\"datePublished\":\"2026-04-06T15:15:21+00:00\",\"dateModified\":\"2026-04-06T15:17:02+00:00\",\"author\":{\"@id\":\"https:\\\/\\\/visitrauland.com\\\/raulandhistorielag\\\/#\\\/schema\\\/person\\\/e683447e0ae3bb2d30ca84392e4aa88f\"},\"breadcrumb\":{\"@id\":\"https:\\\/\\\/visitrauland.com\\\/raulandhistorielag\\\/fra-jernalder-til-2000-tal-populaer-og-spennande-var-i-rauland-historielag\\\/#breadcrumb\"},\"inLanguage\":\"nb-NO\",\"potentialAction\":[{\"@type\":\"ReadAction\",\"target\":[\"https:\\\/\\\/visitrauland.com\\\/raulandhistorielag\\\/fra-jernalder-til-2000-tal-populaer-og-spennande-var-i-rauland-historielag\\\/\"]}]},{\"@type\":\"ImageObject\",\"inLanguage\":\"nb-NO\",\"@id\":\"https:\\\/\\\/visitrauland.com\\\/raulandhistorielag\\\/fra-jernalder-til-2000-tal-populaer-og-spennande-var-i-rauland-historielag\\\/#primaryimage\",\"url\":\"https:\\\/\\\/visitrauland.com\\\/raulandhistorielag\\\/wp-content\\\/uploads\\\/sites\\\/113\\\/2026\\\/03\\\/toregodal_schulerud_soltenberg_tanzania_1920_1773788071.jpg\",\"contentUrl\":\"https:\\\/\\\/visitrauland.com\\\/raulandhistorielag\\\/wp-content\\\/uploads\\\/sites\\\/113\\\/2026\\\/03\\\/toregodal_schulerud_soltenberg_tanzania_1920_1773788071.jpg\",\"width\":1920,\"height\":1080,\"caption\":\"M\u00f8te mellom mennesker i tradisjonell setting, samtaler p\u00e5 en teppe i en landsby.\"},{\"@type\":\"BreadcrumbList\",\"@id\":\"https:\\\/\\\/visitrauland.com\\\/raulandhistorielag\\\/fra-jernalder-til-2000-tal-populaer-og-spennande-var-i-rauland-historielag\\\/#breadcrumb\",\"itemListElement\":[{\"@type\":\"ListItem\",\"position\":1,\"name\":\"Hjem\",\"item\":\"https:\\\/\\\/visitrauland.com\\\/raulandhistorielag\\\/\"},{\"@type\":\"ListItem\",\"position\":2,\"name\":\"Fr\u00e5 jernalder til 2000-tal &#8211; popul\u00e6r og spennande v\u00e5r i Rauland historielag\"}]},{\"@type\":\"WebSite\",\"@id\":\"https:\\\/\\\/visitrauland.com\\\/raulandhistorielag\\\/#website\",\"url\":\"https:\\\/\\\/visitrauland.com\\\/raulandhistorielag\\\/\",\"name\":\"Rauland Historielag\",\"description\":\"Slagord\",\"potentialAction\":[{\"@type\":\"SearchAction\",\"target\":{\"@type\":\"EntryPoint\",\"urlTemplate\":\"https:\\\/\\\/visitrauland.com\\\/raulandhistorielag\\\/?s={search_term_string}\"},\"query-input\":{\"@type\":\"PropertyValueSpecification\",\"valueRequired\":true,\"valueName\":\"search_term_string\"}}],\"inLanguage\":\"nb-NO\"},{\"@type\":\"Person\",\"@id\":\"https:\\\/\\\/visitrauland.com\\\/raulandhistorielag\\\/#\\\/schema\\\/person\\\/e683447e0ae3bb2d30ca84392e4aa88f\",\"name\":\"marie\",\"image\":{\"@type\":\"ImageObject\",\"inLanguage\":\"nb-NO\",\"@id\":\"https:\\\/\\\/secure.gravatar.com\\\/avatar\\\/9358f614484a10ae46000976b552869c4b72af3b0e83eb43822468a0c0ccc6e6?s=96&d=mm&r=g\",\"url\":\"https:\\\/\\\/secure.gravatar.com\\\/avatar\\\/9358f614484a10ae46000976b552869c4b72af3b0e83eb43822468a0c0ccc6e6?s=96&d=mm&r=g\",\"contentUrl\":\"https:\\\/\\\/secure.gravatar.com\\\/avatar\\\/9358f614484a10ae46000976b552869c4b72af3b0e83eb43822468a0c0ccc6e6?s=96&d=mm&r=g\",\"caption\":\"marie\"},\"url\":\"https:\\\/\\\/visitrauland.com\\\/raulandhistorielag\\\/author\\\/marie\\\/\"}]}<\/script>\n<!-- \/ Yoast SEO plugin. -->","yoast_head_json":{"title":"Fr\u00e5 jernalder til 2000-tal - popul\u00e6r og spennande v\u00e5r i Rauland historielag - Rauland Historielag","robots":{"index":"index","follow":"follow","max-snippet":"max-snippet:-1","max-image-preview":"max-image-preview:large","max-video-preview":"max-video-preview:-1"},"canonical":"https:\/\/visitrauland.com\/raulandhistorielag\/fra-jernalder-til-2000-tal-populaer-og-spennande-var-i-rauland-historielag\/","og_locale":"nb_NO","og_type":"article","og_title":"Fr\u00e5 jernalder til 2000-tal - popul\u00e6r og spennande v\u00e5r i Rauland historielag - Rauland Historielag","og_description":"V\u00e5ren 2026 har vore b\u00e5de variert og interessant i historielaget. Med tre veldig forskjellige temakveldar og jubileumsfest har det vore noko for nokon og einkvar. Jern og handel i mellomalderen Tysdag 17. februar starta arkeolog Kjetil Loftsgarden v\u00e5rsemesteret med eit spennande foredrag om den nye boka si Utmarksriket &#8211; Telemark i perioden 400 -1400. Boka tek f\u00f8re seg korleis utmarka ... Les Mer","og_url":"https:\/\/visitrauland.com\/raulandhistorielag\/fra-jernalder-til-2000-tal-populaer-og-spennande-var-i-rauland-historielag\/","og_site_name":"Rauland Historielag","article_published_time":"2026-04-06T15:15:21+00:00","article_modified_time":"2026-04-06T15:17:02+00:00","og_image":[{"width":1920,"height":1080,"url":"https:\/\/visitrauland.com\/raulandhistorielag\/wp-content\/uploads\/sites\/113\/2026\/03\/toregodal_schulerud_soltenberg_tanzania_1920_1773788071.jpg","type":"image\/jpeg"}],"author":"marie","twitter_card":"summary_large_image","twitter_misc":{"Skrevet av":"marie","Ansl. lesetid":"3 minutter"},"schema":{"@context":"https:\/\/schema.org","@graph":[{"@type":"Article","@id":"https:\/\/visitrauland.com\/raulandhistorielag\/fra-jernalder-til-2000-tal-populaer-og-spennande-var-i-rauland-historielag\/#article","isPartOf":{"@id":"https:\/\/visitrauland.com\/raulandhistorielag\/fra-jernalder-til-2000-tal-populaer-og-spennande-var-i-rauland-historielag\/"},"author":{"name":"marie","@id":"https:\/\/visitrauland.com\/raulandhistorielag\/#\/schema\/person\/e683447e0ae3bb2d30ca84392e4aa88f"},"headline":"Fr\u00e5 jernalder til 2000-tal &#8211; popul\u00e6r og spennande v\u00e5r i Rauland historielag","datePublished":"2026-04-06T15:15:21+00:00","dateModified":"2026-04-06T15:17:02+00:00","mainEntityOfPage":{"@id":"https:\/\/visitrauland.com\/raulandhistorielag\/fra-jernalder-til-2000-tal-populaer-og-spennande-var-i-rauland-historielag\/"},"wordCount":409,"image":{"@id":"https:\/\/visitrauland.com\/raulandhistorielag\/fra-jernalder-til-2000-tal-populaer-og-spennande-var-i-rauland-historielag\/#primaryimage"},"thumbnailUrl":"https:\/\/visitrauland.com\/raulandhistorielag\/wp-content\/uploads\/sites\/113\/2026\/03\/toregodal_schulerud_soltenberg_tanzania_1920_1773788071.jpg","articleSection":["Aktuelt","Uncategorized @no"],"inLanguage":"nb-NO"},{"@type":"WebPage","@id":"https:\/\/visitrauland.com\/raulandhistorielag\/fra-jernalder-til-2000-tal-populaer-og-spennande-var-i-rauland-historielag\/","url":"https:\/\/visitrauland.com\/raulandhistorielag\/fra-jernalder-til-2000-tal-populaer-og-spennande-var-i-rauland-historielag\/","name":"Fr\u00e5 jernalder til 2000-tal - popul\u00e6r og spennande v\u00e5r i Rauland historielag - Rauland Historielag","isPartOf":{"@id":"https:\/\/visitrauland.com\/raulandhistorielag\/#website"},"primaryImageOfPage":{"@id":"https:\/\/visitrauland.com\/raulandhistorielag\/fra-jernalder-til-2000-tal-populaer-og-spennande-var-i-rauland-historielag\/#primaryimage"},"image":{"@id":"https:\/\/visitrauland.com\/raulandhistorielag\/fra-jernalder-til-2000-tal-populaer-og-spennande-var-i-rauland-historielag\/#primaryimage"},"thumbnailUrl":"https:\/\/visitrauland.com\/raulandhistorielag\/wp-content\/uploads\/sites\/113\/2026\/03\/toregodal_schulerud_soltenberg_tanzania_1920_1773788071.jpg","datePublished":"2026-04-06T15:15:21+00:00","dateModified":"2026-04-06T15:17:02+00:00","author":{"@id":"https:\/\/visitrauland.com\/raulandhistorielag\/#\/schema\/person\/e683447e0ae3bb2d30ca84392e4aa88f"},"breadcrumb":{"@id":"https:\/\/visitrauland.com\/raulandhistorielag\/fra-jernalder-til-2000-tal-populaer-og-spennande-var-i-rauland-historielag\/#breadcrumb"},"inLanguage":"nb-NO","potentialAction":[{"@type":"ReadAction","target":["https:\/\/visitrauland.com\/raulandhistorielag\/fra-jernalder-til-2000-tal-populaer-og-spennande-var-i-rauland-historielag\/"]}]},{"@type":"ImageObject","inLanguage":"nb-NO","@id":"https:\/\/visitrauland.com\/raulandhistorielag\/fra-jernalder-til-2000-tal-populaer-og-spennande-var-i-rauland-historielag\/#primaryimage","url":"https:\/\/visitrauland.com\/raulandhistorielag\/wp-content\/uploads\/sites\/113\/2026\/03\/toregodal_schulerud_soltenberg_tanzania_1920_1773788071.jpg","contentUrl":"https:\/\/visitrauland.com\/raulandhistorielag\/wp-content\/uploads\/sites\/113\/2026\/03\/toregodal_schulerud_soltenberg_tanzania_1920_1773788071.jpg","width":1920,"height":1080,"caption":"M\u00f8te mellom mennesker i tradisjonell setting, samtaler p\u00e5 en teppe i en landsby."},{"@type":"BreadcrumbList","@id":"https:\/\/visitrauland.com\/raulandhistorielag\/fra-jernalder-til-2000-tal-populaer-og-spennande-var-i-rauland-historielag\/#breadcrumb","itemListElement":[{"@type":"ListItem","position":1,"name":"Hjem","item":"https:\/\/visitrauland.com\/raulandhistorielag\/"},{"@type":"ListItem","position":2,"name":"Fr\u00e5 jernalder til 2000-tal &#8211; popul\u00e6r og spennande v\u00e5r i Rauland historielag"}]},{"@type":"WebSite","@id":"https:\/\/visitrauland.com\/raulandhistorielag\/#website","url":"https:\/\/visitrauland.com\/raulandhistorielag\/","name":"Rauland Historielag","description":"Slagord","potentialAction":[{"@type":"SearchAction","target":{"@type":"EntryPoint","urlTemplate":"https:\/\/visitrauland.com\/raulandhistorielag\/?s={search_term_string}"},"query-input":{"@type":"PropertyValueSpecification","valueRequired":true,"valueName":"search_term_string"}}],"inLanguage":"nb-NO"},{"@type":"Person","@id":"https:\/\/visitrauland.com\/raulandhistorielag\/#\/schema\/person\/e683447e0ae3bb2d30ca84392e4aa88f","name":"marie","image":{"@type":"ImageObject","inLanguage":"nb-NO","@id":"https:\/\/secure.gravatar.com\/avatar\/9358f614484a10ae46000976b552869c4b72af3b0e83eb43822468a0c0ccc6e6?s=96&d=mm&r=g","url":"https:\/\/secure.gravatar.com\/avatar\/9358f614484a10ae46000976b552869c4b72af3b0e83eb43822468a0c0ccc6e6?s=96&d=mm&r=g","contentUrl":"https:\/\/secure.gravatar.com\/avatar\/9358f614484a10ae46000976b552869c4b72af3b0e83eb43822468a0c0ccc6e6?s=96&d=mm&r=g","caption":"marie"},"url":"https:\/\/visitrauland.com\/raulandhistorielag\/author\/marie\/"}]}},"gt_translate_keys":[{"key":"link","format":"url"}],"_links":{"self":[{"href":"https:\/\/visitrauland.com\/raulandhistorielag\/wp-json\/wp\/v2\/posts\/2729","targetHints":{"allow":["GET"]}}],"collection":[{"href":"https:\/\/visitrauland.com\/raulandhistorielag\/wp-json\/wp\/v2\/posts"}],"about":[{"href":"https:\/\/visitrauland.com\/raulandhistorielag\/wp-json\/wp\/v2\/types\/post"}],"author":[{"embeddable":true,"href":"https:\/\/visitrauland.com\/raulandhistorielag\/wp-json\/wp\/v2\/users\/29"}],"replies":[{"embeddable":true,"href":"https:\/\/visitrauland.com\/raulandhistorielag\/wp-json\/wp\/v2\/comments?post=2729"}],"version-history":[{"count":1,"href":"https:\/\/visitrauland.com\/raulandhistorielag\/wp-json\/wp\/v2\/posts\/2729\/revisions"}],"predecessor-version":[{"id":2731,"href":"https:\/\/visitrauland.com\/raulandhistorielag\/wp-json\/wp\/v2\/posts\/2729\/revisions\/2731"}],"wp:featuredmedia":[{"embeddable":true,"href":"https:\/\/visitrauland.com\/raulandhistorielag\/wp-json\/wp\/v2\/media\/2724"}],"wp:attachment":[{"href":"https:\/\/visitrauland.com\/raulandhistorielag\/wp-json\/wp\/v2\/media?parent=2729"}],"wp:term":[{"taxonomy":"category","embeddable":true,"href":"https:\/\/visitrauland.com\/raulandhistorielag\/wp-json\/wp\/v2\/categories?post=2729"},{"taxonomy":"post_tag","embeddable":true,"href":"https:\/\/visitrauland.com\/raulandhistorielag\/wp-json\/wp\/v2\/tags?post=2729"}],"curies":[{"name":"wp","href":"https:\/\/api.w.org\/{rel}","templated":true}]}}