{"id":2300,"date":"2024-05-24T23:32:30","date_gmt":"2024-05-24T21:32:30","guid":{"rendered":"https:\/\/visitrauland.com\/raulandhistorielag\/?p=2300"},"modified":"2024-05-24T23:32:30","modified_gmt":"2024-05-24T21:32:30","slug":"arsskrift-1997","status":"publish","type":"post","link":"https:\/\/visitrauland.com\/raulandhistorielag\/arsskrift-1997\/","title":{"rendered":"\u00c5rsskrift 1997","gt_translate_keys":[{"key":"rendered","format":"text"}]},"content":{"rendered":"<p>Innhald:<br>\n\u00c5sta \u00d8stmoe Kostveit: Rauland Historielag i 1997<br>\n\u00c5sta \u00d8stmoe Kostveit:J\u00f8rgen Tj\u00f8nnstaul-vegg p\u00e5 Raulandsakademiet<br>\n\u00c5sta \u00d8stmoe Kostveit:Gildebord som er bortgl\u00f8ymde<br>\n\u00c5sta \u00d8stmoe Kostveit:Drepen og gravlagd p\u00e5 Raulandshomen<br>\n\u00c5sta \u00d8stmoe Kostveit:Posten 350 \u00e5r<br>\n\u00c5sta \u00d8stmoe Kostveit:L\u00e5g borte i to netter n\u00e5r dei henta varer med hest p\u00e5 L\u00e5rdalsbrygga<br>\n\u00c5sta \u00d8stmoe Kostveit:Kjempekaren Bj\u00f8rn Li fr\u00e5 \u00d8yfjell<br>\nOline \u00d8verland: Ved Rauland kyrkje<br>\nOline \u00d8verland: Tre m\u00f8te med M\u00f8sstrond<br>\nOline \u00d8verland:10-\u00e5ring berga fire fr\u00e5 \u00e5 drukne i Pollen<br>\nOline \u00d8verland:Ein joletrefest i \u00d8yfjell i 1943<br>\nBirger Kjelingtveit: Rauland statsallmenning<br>\nAslak \u00d8ygarden: Berunuten<br>\nBirger Kjelingtveit: Aksvik skul<\/p>\n<p><noscript><img decoding=\"async\" class=\"alignnone size-full wp-image-2301\" src=\"https:\/\/visitrauland.com\/raulandhistorielag\/wp-content\/uploads\/sites\/113\/2024\/05\/Arsskrift_1997-e1462973299567_1716586291.jpg\" alt=\"Forside av Rauland Historielag \u00c5rsskrift 1997 med et bilde av et historisk monument eller steinformasjon.\" width=\"139\" height=\"199\" srcset=\"https:\/\/visitrauland.com\/raulandhistorielag\/wp-content\/uploads\/sites\/113\/2024\/05\/Arsskrift_1997-e1462973299567_1716586291.jpg 139w, https:\/\/visitrauland.com\/raulandhistorielag\/wp-content\/uploads\/sites\/113\/2024\/05\/Arsskrift_1997-e1462973299567_1716586291-100x143.jpg 100w\" sizes=\"(max-width: 139px) 100vw, 139px\"><\/noscript><img decoding=\"async\" class=\"alignnone size-full wp-image-2301 lazyload\" src=\"data:image\/svg+xml,%3Csvg%20xmlns%3D%22http%3A%2F%2Fwww.w3.org%2F2000%2Fsvg%22%20viewBox%3D%220%200%20139%20199%22%3E%3C%2Fsvg%3E\" alt=\"Forside av Rauland Historielag \u00c5rsskrift 1997 med et bilde av et historisk monument eller steinformasjon.\" width=\"139\" height=\"199\" srcset=\"data:image\/svg+xml,%3Csvg%20xmlns%3D%22http%3A%2F%2Fwww.w3.org%2F2000%2Fsvg%22%20viewBox%3D%220%200%20139%20199%22%3E%3C%2Fsvg%3E 139w\" sizes=\"(max-width: 139px) 100vw, 139px\" data-srcset=\"https:\/\/visitrauland.com\/raulandhistorielag\/wp-content\/uploads\/sites\/113\/2024\/05\/Arsskrift_1997-e1462973299567_1716586291.jpg 139w, https:\/\/visitrauland.com\/raulandhistorielag\/wp-content\/uploads\/sites\/113\/2024\/05\/Arsskrift_1997-e1462973299567_1716586291-100x143.jpg 100w\" data-src=\"https:\/\/visitrauland.com\/raulandhistorielag\/wp-content\/uploads\/sites\/113\/2024\/05\/Arsskrift_1997-e1462973299567_1716586291.jpg\"><\/p>\n","protected":false,"gt_translate_keys":[{"key":"rendered","format":"html"}]},"excerpt":{"rendered":"<p>Innhald: \u00c5sta \u00d8stmoe Kostveit: Rauland Historielag i 1997 \u00c5sta \u00d8stmoe Kostveit:J\u00f8rgen Tj\u00f8nnstaul-vegg p\u00e5 Raulandsakademiet \u00c5sta \u00d8stmoe Kostveit:Gildebord som er bortgl\u00f8ymde \u00c5sta \u00d8stmoe Kostveit:Drepen og gravlagd p\u00e5 Raulandshomen \u00c5sta \u00d8stmoe Kostveit:Posten 350 \u00e5r \u00c5sta \u00d8stmoe Kostveit:L\u00e5g borte i to netter n\u00e5r dei henta varer med hest p\u00e5 L\u00e5rdalsbrygga \u00c5sta \u00d8stmoe Kostveit:Kjempekaren Bj\u00f8rn Li fr\u00e5 \u00d8yfjell Oline \u00d8verland: Ved Rauland kyrkje Oline &#8230; <\/p>\n<div><a href=\"https:\/\/visitrauland.com\/raulandhistorielag\/arsskrift-1997\/\" class=\"more-link\">Les Mer<\/a><\/div>\n","protected":false,"gt_translate_keys":[{"key":"rendered","format":"html"}]},"author":10,"featured_media":0,"comment_status":"closed","ping_status":"closed","sticky":false,"template":"","format":"standard","meta":{"_relevanssi_hide_post":"","_relevanssi_hide_content":"","_relevanssi_pin_for_all":"","_relevanssi_pin_keywords":"","_relevanssi_unpin_keywords":"","_relevanssi_related_keywords":"","_relevanssi_related_include_ids":"","_relevanssi_related_exclude_ids":"","_relevanssi_related_no_append":"","_relevanssi_related_not_related":"","_relevanssi_related_posts":"","_relevanssi_noindex_reason":"","seo_booster_metabox":"","footnotes":""},"categories":[26],"tags":[],"class_list":["post-2300","post","type-post","status-publish","format-standard","hentry","category-bok-tidsskrift","no-post-thumbnail"],"yoast_head":"<!-- This site is optimized with the Yoast SEO plugin v27.5 - https:\/\/yoast.com\/product\/yoast-seo-wordpress\/ -->\n<title>\u00c5rsskrift 1997 - Rauland Historielag<\/title>\n<meta name=\"robots\" content=\"index, follow, max-snippet:-1, max-image-preview:large, max-video-preview:-1\" \/>\n<link rel=\"canonical\" href=\"https:\/\/visitrauland.com\/raulandhistorielag\/arsskrift-1997\/\" \/>\n<meta property=\"og:locale\" content=\"nb_NO\" \/>\n<meta property=\"og:type\" content=\"article\" \/>\n<meta property=\"og:title\" content=\"\u00c5rsskrift 1997 - Rauland Historielag\" \/>\n<meta property=\"og:description\" content=\"Innhald: \u00c5sta \u00d8stmoe Kostveit: Rauland Historielag i 1997 \u00c5sta \u00d8stmoe Kostveit:J\u00f8rgen Tj\u00f8nnstaul-vegg p\u00e5 Raulandsakademiet \u00c5sta \u00d8stmoe Kostveit:Gildebord som er bortgl\u00f8ymde \u00c5sta \u00d8stmoe Kostveit:Drepen og gravlagd p\u00e5 Raulandshomen \u00c5sta \u00d8stmoe Kostveit:Posten 350 \u00e5r \u00c5sta \u00d8stmoe Kostveit:L\u00e5g borte i to netter n\u00e5r dei henta varer med hest p\u00e5 L\u00e5rdalsbrygga \u00c5sta \u00d8stmoe Kostveit:Kjempekaren Bj\u00f8rn Li fr\u00e5 \u00d8yfjell Oline \u00d8verland: Ved Rauland kyrkje Oline ... Les Mer\" \/>\n<meta property=\"og:url\" content=\"https:\/\/visitrauland.com\/raulandhistorielag\/arsskrift-1997\/\" \/>\n<meta property=\"og:site_name\" content=\"Rauland Historielag\" \/>\n<meta property=\"article:published_time\" content=\"2024-05-24T21:32:30+00:00\" \/>\n<meta property=\"og:image\" content=\"https:\/\/visitrauland.com\/raulandhistorielag\/wp-content\/uploads\/sites\/113\/2024\/05\/Arsskrift_1997-e1462973299567_1716586291.jpg\" \/>\n<meta name=\"author\" content=\"danny\" \/>\n<meta name=\"twitter:card\" content=\"summary_large_image\" \/>\n<meta name=\"twitter:label1\" content=\"Skrevet av\" \/>\n\t<meta name=\"twitter:data1\" content=\"danny\" \/>\n\t<meta name=\"twitter:label2\" content=\"Ansl. lesetid\" \/>\n\t<meta name=\"twitter:data2\" content=\"1 minutt\" \/>\n<script type=\"application\/ld+json\" class=\"yoast-schema-graph\">{\"@context\":\"https:\\\/\\\/schema.org\",\"@graph\":[{\"@type\":\"Article\",\"@id\":\"https:\\\/\\\/visitrauland.com\\\/raulandhistorielag\\\/arsskrift-1997\\\/#article\",\"isPartOf\":{\"@id\":\"https:\\\/\\\/visitrauland.com\\\/raulandhistorielag\\\/arsskrift-1997\\\/\"},\"author\":{\"name\":\"danny\",\"@id\":\"https:\\\/\\\/visitrauland.com\\\/raulandhistorielag\\\/#\\\/schema\\\/person\\\/488d11ecd1340c3c62f1436ce57facd1\"},\"headline\":\"\u00c5rsskrift 1997\",\"datePublished\":\"2024-05-24T21:32:30+00:00\",\"mainEntityOfPage\":{\"@id\":\"https:\\\/\\\/visitrauland.com\\\/raulandhistorielag\\\/arsskrift-1997\\\/\"},\"wordCount\":107,\"image\":{\"@id\":\"https:\\\/\\\/visitrauland.com\\\/raulandhistorielag\\\/arsskrift-1997\\\/#primaryimage\"},\"thumbnailUrl\":\"https:\\\/\\\/visitrauland.com\\\/raulandhistorielag\\\/wp-content\\\/uploads\\\/sites\\\/113\\\/2024\\\/05\\\/Arsskrift_1997-e1462973299567_1716586291.jpg\",\"articleSection\":[\"B\u00f8ker\"],\"inLanguage\":\"nb-NO\"},{\"@type\":\"WebPage\",\"@id\":\"https:\\\/\\\/visitrauland.com\\\/raulandhistorielag\\\/arsskrift-1997\\\/\",\"url\":\"https:\\\/\\\/visitrauland.com\\\/raulandhistorielag\\\/arsskrift-1997\\\/\",\"name\":\"\u00c5rsskrift 1997 - Rauland Historielag\",\"isPartOf\":{\"@id\":\"https:\\\/\\\/visitrauland.com\\\/raulandhistorielag\\\/#website\"},\"primaryImageOfPage\":{\"@id\":\"https:\\\/\\\/visitrauland.com\\\/raulandhistorielag\\\/arsskrift-1997\\\/#primaryimage\"},\"image\":{\"@id\":\"https:\\\/\\\/visitrauland.com\\\/raulandhistorielag\\\/arsskrift-1997\\\/#primaryimage\"},\"thumbnailUrl\":\"https:\\\/\\\/visitrauland.com\\\/raulandhistorielag\\\/wp-content\\\/uploads\\\/sites\\\/113\\\/2024\\\/05\\\/Arsskrift_1997-e1462973299567_1716586291.jpg\",\"datePublished\":\"2024-05-24T21:32:30+00:00\",\"author\":{\"@id\":\"https:\\\/\\\/visitrauland.com\\\/raulandhistorielag\\\/#\\\/schema\\\/person\\\/488d11ecd1340c3c62f1436ce57facd1\"},\"breadcrumb\":{\"@id\":\"https:\\\/\\\/visitrauland.com\\\/raulandhistorielag\\\/arsskrift-1997\\\/#breadcrumb\"},\"inLanguage\":\"nb-NO\",\"potentialAction\":[{\"@type\":\"ReadAction\",\"target\":[\"https:\\\/\\\/visitrauland.com\\\/raulandhistorielag\\\/arsskrift-1997\\\/\"]}]},{\"@type\":\"ImageObject\",\"inLanguage\":\"nb-NO\",\"@id\":\"https:\\\/\\\/visitrauland.com\\\/raulandhistorielag\\\/arsskrift-1997\\\/#primaryimage\",\"url\":\"https:\\\/\\\/visitrauland.com\\\/raulandhistorielag\\\/wp-content\\\/uploads\\\/sites\\\/113\\\/2024\\\/05\\\/Arsskrift_1997-e1462973299567_1716586291.jpg\",\"contentUrl\":\"https:\\\/\\\/visitrauland.com\\\/raulandhistorielag\\\/wp-content\\\/uploads\\\/sites\\\/113\\\/2024\\\/05\\\/Arsskrift_1997-e1462973299567_1716586291.jpg\",\"width\":139,\"height\":199,\"caption\":\"Forside av Rauland Historielag \u00c5rsskrift 1997 med et bilde av et historisk monument eller steinformasjon.\"},{\"@type\":\"BreadcrumbList\",\"@id\":\"https:\\\/\\\/visitrauland.com\\\/raulandhistorielag\\\/arsskrift-1997\\\/#breadcrumb\",\"itemListElement\":[{\"@type\":\"ListItem\",\"position\":1,\"name\":\"Hjem\",\"item\":\"https:\\\/\\\/visitrauland.com\\\/raulandhistorielag\\\/\"},{\"@type\":\"ListItem\",\"position\":2,\"name\":\"\u00c5rsskrift 1997\"}]},{\"@type\":\"WebSite\",\"@id\":\"https:\\\/\\\/visitrauland.com\\\/raulandhistorielag\\\/#website\",\"url\":\"https:\\\/\\\/visitrauland.com\\\/raulandhistorielag\\\/\",\"name\":\"Rauland Historielag\",\"description\":\"Slagord\",\"potentialAction\":[{\"@type\":\"SearchAction\",\"target\":{\"@type\":\"EntryPoint\",\"urlTemplate\":\"https:\\\/\\\/visitrauland.com\\\/raulandhistorielag\\\/?s={search_term_string}\"},\"query-input\":{\"@type\":\"PropertyValueSpecification\",\"valueRequired\":true,\"valueName\":\"search_term_string\"}}],\"inLanguage\":\"nb-NO\"},{\"@type\":\"Person\",\"@id\":\"https:\\\/\\\/visitrauland.com\\\/raulandhistorielag\\\/#\\\/schema\\\/person\\\/488d11ecd1340c3c62f1436ce57facd1\",\"name\":\"danny\",\"image\":{\"@type\":\"ImageObject\",\"inLanguage\":\"nb-NO\",\"@id\":\"https:\\\/\\\/secure.gravatar.com\\\/avatar\\\/f3d6f0f3317d4f09c36b5b4f977fde71a9817737244d0c1f4162ac79c71efee2?s=96&d=mm&r=g\",\"url\":\"https:\\\/\\\/secure.gravatar.com\\\/avatar\\\/f3d6f0f3317d4f09c36b5b4f977fde71a9817737244d0c1f4162ac79c71efee2?s=96&d=mm&r=g\",\"contentUrl\":\"https:\\\/\\\/secure.gravatar.com\\\/avatar\\\/f3d6f0f3317d4f09c36b5b4f977fde71a9817737244d0c1f4162ac79c71efee2?s=96&d=mm&r=g\",\"caption\":\"danny\"},\"url\":\"https:\\\/\\\/visitrauland.com\\\/raulandhistorielag\\\/author\\\/danny\\\/\"}]}<\/script>\n<!-- \/ Yoast SEO plugin. -->","yoast_head_json":{"title":"\u00c5rsskrift 1997 - Rauland Historielag","robots":{"index":"index","follow":"follow","max-snippet":"max-snippet:-1","max-image-preview":"max-image-preview:large","max-video-preview":"max-video-preview:-1"},"canonical":"https:\/\/visitrauland.com\/raulandhistorielag\/arsskrift-1997\/","og_locale":"nb_NO","og_type":"article","og_title":"\u00c5rsskrift 1997 - Rauland Historielag","og_description":"Innhald: \u00c5sta \u00d8stmoe Kostveit: Rauland Historielag i 1997 \u00c5sta \u00d8stmoe Kostveit:J\u00f8rgen Tj\u00f8nnstaul-vegg p\u00e5 Raulandsakademiet \u00c5sta \u00d8stmoe Kostveit:Gildebord som er bortgl\u00f8ymde \u00c5sta \u00d8stmoe Kostveit:Drepen og gravlagd p\u00e5 Raulandshomen \u00c5sta \u00d8stmoe Kostveit:Posten 350 \u00e5r \u00c5sta \u00d8stmoe Kostveit:L\u00e5g borte i to netter n\u00e5r dei henta varer med hest p\u00e5 L\u00e5rdalsbrygga \u00c5sta \u00d8stmoe Kostveit:Kjempekaren Bj\u00f8rn Li fr\u00e5 \u00d8yfjell Oline \u00d8verland: Ved Rauland kyrkje Oline ... Les Mer","og_url":"https:\/\/visitrauland.com\/raulandhistorielag\/arsskrift-1997\/","og_site_name":"Rauland Historielag","article_published_time":"2024-05-24T21:32:30+00:00","og_image":[{"url":"https:\/\/visitrauland.com\/raulandhistorielag\/wp-content\/uploads\/sites\/113\/2024\/05\/Arsskrift_1997-e1462973299567_1716586291.jpg","type":"","width":"","height":""}],"author":"danny","twitter_card":"summary_large_image","twitter_misc":{"Skrevet av":"danny","Ansl. lesetid":"1 minutt"},"schema":{"@context":"https:\/\/schema.org","@graph":[{"@type":"Article","@id":"https:\/\/visitrauland.com\/raulandhistorielag\/arsskrift-1997\/#article","isPartOf":{"@id":"https:\/\/visitrauland.com\/raulandhistorielag\/arsskrift-1997\/"},"author":{"name":"danny","@id":"https:\/\/visitrauland.com\/raulandhistorielag\/#\/schema\/person\/488d11ecd1340c3c62f1436ce57facd1"},"headline":"\u00c5rsskrift 1997","datePublished":"2024-05-24T21:32:30+00:00","mainEntityOfPage":{"@id":"https:\/\/visitrauland.com\/raulandhistorielag\/arsskrift-1997\/"},"wordCount":107,"image":{"@id":"https:\/\/visitrauland.com\/raulandhistorielag\/arsskrift-1997\/#primaryimage"},"thumbnailUrl":"https:\/\/visitrauland.com\/raulandhistorielag\/wp-content\/uploads\/sites\/113\/2024\/05\/Arsskrift_1997-e1462973299567_1716586291.jpg","articleSection":["B\u00f8ker"],"inLanguage":"nb-NO"},{"@type":"WebPage","@id":"https:\/\/visitrauland.com\/raulandhistorielag\/arsskrift-1997\/","url":"https:\/\/visitrauland.com\/raulandhistorielag\/arsskrift-1997\/","name":"\u00c5rsskrift 1997 - Rauland Historielag","isPartOf":{"@id":"https:\/\/visitrauland.com\/raulandhistorielag\/#website"},"primaryImageOfPage":{"@id":"https:\/\/visitrauland.com\/raulandhistorielag\/arsskrift-1997\/#primaryimage"},"image":{"@id":"https:\/\/visitrauland.com\/raulandhistorielag\/arsskrift-1997\/#primaryimage"},"thumbnailUrl":"https:\/\/visitrauland.com\/raulandhistorielag\/wp-content\/uploads\/sites\/113\/2024\/05\/Arsskrift_1997-e1462973299567_1716586291.jpg","datePublished":"2024-05-24T21:32:30+00:00","author":{"@id":"https:\/\/visitrauland.com\/raulandhistorielag\/#\/schema\/person\/488d11ecd1340c3c62f1436ce57facd1"},"breadcrumb":{"@id":"https:\/\/visitrauland.com\/raulandhistorielag\/arsskrift-1997\/#breadcrumb"},"inLanguage":"nb-NO","potentialAction":[{"@type":"ReadAction","target":["https:\/\/visitrauland.com\/raulandhistorielag\/arsskrift-1997\/"]}]},{"@type":"ImageObject","inLanguage":"nb-NO","@id":"https:\/\/visitrauland.com\/raulandhistorielag\/arsskrift-1997\/#primaryimage","url":"https:\/\/visitrauland.com\/raulandhistorielag\/wp-content\/uploads\/sites\/113\/2024\/05\/Arsskrift_1997-e1462973299567_1716586291.jpg","contentUrl":"https:\/\/visitrauland.com\/raulandhistorielag\/wp-content\/uploads\/sites\/113\/2024\/05\/Arsskrift_1997-e1462973299567_1716586291.jpg","width":139,"height":199,"caption":"Forside av Rauland Historielag \u00c5rsskrift 1997 med et bilde av et historisk monument eller steinformasjon."},{"@type":"BreadcrumbList","@id":"https:\/\/visitrauland.com\/raulandhistorielag\/arsskrift-1997\/#breadcrumb","itemListElement":[{"@type":"ListItem","position":1,"name":"Hjem","item":"https:\/\/visitrauland.com\/raulandhistorielag\/"},{"@type":"ListItem","position":2,"name":"\u00c5rsskrift 1997"}]},{"@type":"WebSite","@id":"https:\/\/visitrauland.com\/raulandhistorielag\/#website","url":"https:\/\/visitrauland.com\/raulandhistorielag\/","name":"Rauland Historielag","description":"Slagord","potentialAction":[{"@type":"SearchAction","target":{"@type":"EntryPoint","urlTemplate":"https:\/\/visitrauland.com\/raulandhistorielag\/?s={search_term_string}"},"query-input":{"@type":"PropertyValueSpecification","valueRequired":true,"valueName":"search_term_string"}}],"inLanguage":"nb-NO"},{"@type":"Person","@id":"https:\/\/visitrauland.com\/raulandhistorielag\/#\/schema\/person\/488d11ecd1340c3c62f1436ce57facd1","name":"danny","image":{"@type":"ImageObject","inLanguage":"nb-NO","@id":"https:\/\/secure.gravatar.com\/avatar\/f3d6f0f3317d4f09c36b5b4f977fde71a9817737244d0c1f4162ac79c71efee2?s=96&d=mm&r=g","url":"https:\/\/secure.gravatar.com\/avatar\/f3d6f0f3317d4f09c36b5b4f977fde71a9817737244d0c1f4162ac79c71efee2?s=96&d=mm&r=g","contentUrl":"https:\/\/secure.gravatar.com\/avatar\/f3d6f0f3317d4f09c36b5b4f977fde71a9817737244d0c1f4162ac79c71efee2?s=96&d=mm&r=g","caption":"danny"},"url":"https:\/\/visitrauland.com\/raulandhistorielag\/author\/danny\/"}]}},"gt_translate_keys":[{"key":"link","format":"url"}],"_links":{"self":[{"href":"https:\/\/visitrauland.com\/raulandhistorielag\/wp-json\/wp\/v2\/posts\/2300","targetHints":{"allow":["GET"]}}],"collection":[{"href":"https:\/\/visitrauland.com\/raulandhistorielag\/wp-json\/wp\/v2\/posts"}],"about":[{"href":"https:\/\/visitrauland.com\/raulandhistorielag\/wp-json\/wp\/v2\/types\/post"}],"author":[{"embeddable":true,"href":"https:\/\/visitrauland.com\/raulandhistorielag\/wp-json\/wp\/v2\/users\/10"}],"replies":[{"embeddable":true,"href":"https:\/\/visitrauland.com\/raulandhistorielag\/wp-json\/wp\/v2\/comments?post=2300"}],"version-history":[{"count":1,"href":"https:\/\/visitrauland.com\/raulandhistorielag\/wp-json\/wp\/v2\/posts\/2300\/revisions"}],"predecessor-version":[{"id":2302,"href":"https:\/\/visitrauland.com\/raulandhistorielag\/wp-json\/wp\/v2\/posts\/2300\/revisions\/2302"}],"wp:attachment":[{"href":"https:\/\/visitrauland.com\/raulandhistorielag\/wp-json\/wp\/v2\/media?parent=2300"}],"wp:term":[{"taxonomy":"category","embeddable":true,"href":"https:\/\/visitrauland.com\/raulandhistorielag\/wp-json\/wp\/v2\/categories?post=2300"},{"taxonomy":"post_tag","embeddable":true,"href":"https:\/\/visitrauland.com\/raulandhistorielag\/wp-json\/wp\/v2\/tags?post=2300"}],"curies":[{"name":"wp","href":"https:\/\/api.w.org\/{rel}","templated":true}]}}