{"id":2071,"date":"2024-05-23T20:50:28","date_gmt":"2024-05-23T18:50:28","guid":{"rendered":"https:\/\/visitrauland.com\/raulandhistorielag\/?p=2071"},"modified":"2024-05-23T20:50:28","modified_gmt":"2024-05-23T18:50:28","slug":"harald-kihle-som-fotograf","status":"publish","type":"post","link":"https:\/\/visitrauland.com\/raulandhistorielag\/harald-kihle-som-fotograf\/","title":{"rendered":"Harald Kihle som fotograf","gt_translate_keys":[{"key":"rendered","format":"text"}]},"content":{"rendered":"<p>Rauland Historielag fekk for mange \u00e5r sidan ei mengd svart-kvite fotografi som Harald Kihle tok under sine opphald i V\u00e5 og Arabygdi fr\u00e5 1938 og framover. Desse bileta meinte Rauland Historielag at fleire skulle f\u00e5 del i. Derfor vart denne boka til. Redakt\u00f8r: \u00d8ystein Kostveit. Forlag: Landbruksforlaget, 1997.<br>\nInnhald:<br>\nArabygdi fyre vegen kom v\/ universitetslektor Sverre \u00d8ygarden<br>\nHarald Kihle i Arabygdi&nbsp;&nbsp; v\/ h\u00f8gskulelektor \u00d8ystein Kostveit<br>\nFotografen Harald Kihle&nbsp;&nbsp; v\/ fotograf og fotomuseumsgrunnlegger Leif Preus<br>\nHarald Kihle s bruk av kulturstoffet i grafikk og maleri v\/ f\u00f8rstekonservator ved Henie-Onstad Kunstsenter; \u00d8yvind Storm Bjerke<br>\nLavm\u00e6lt tone v\/ maler og grafiker Reidar Fritzvold<br>\nMed Harald Kihle langs Totaks strender v\/ maler Jan Thomas Njerve<br>\nBiografi<br>\nLitteratur om Harald Kihl<\/p>\n<p><noscript><img decoding=\"async\" class=\"alignnone size-full wp-image-2072\" src=\"https:\/\/visitrauland.com\/raulandhistorielag\/wp-content\/uploads\/sites\/113\/2024\/05\/kihleboka-e1462275942578_1716490217.jpg\" alt=\"Bokomslag: Maleren og Grafkaren Harald Kihle Fotograf viser en kvinne foran et gammelt hus. Utgitt av Landbruksforlaget.\" width=\"139\" height=\"182\" srcset=\"https:\/\/visitrauland.com\/raulandhistorielag\/wp-content\/uploads\/sites\/113\/2024\/05\/kihleboka-e1462275942578_1716490217.jpg 139w, https:\/\/visitrauland.com\/raulandhistorielag\/wp-content\/uploads\/sites\/113\/2024\/05\/kihleboka-e1462275942578_1716490217-100x131.jpg 100w\" sizes=\"(max-width: 139px) 100vw, 139px\"><\/noscript><img decoding=\"async\" class=\"alignnone size-full wp-image-2072 lazyload\" src=\"data:image\/svg+xml,%3Csvg%20xmlns%3D%22http%3A%2F%2Fwww.w3.org%2F2000%2Fsvg%22%20viewBox%3D%220%200%20139%20182%22%3E%3C%2Fsvg%3E\" alt=\"Bokomslag: Maleren og Grafkaren Harald Kihle Fotograf viser en kvinne foran et gammelt hus. Utgitt av Landbruksforlaget.\" width=\"139\" height=\"182\" srcset=\"data:image\/svg+xml,%3Csvg%20xmlns%3D%22http%3A%2F%2Fwww.w3.org%2F2000%2Fsvg%22%20viewBox%3D%220%200%20139%20182%22%3E%3C%2Fsvg%3E 139w\" sizes=\"(max-width: 139px) 100vw, 139px\" data-srcset=\"https:\/\/visitrauland.com\/raulandhistorielag\/wp-content\/uploads\/sites\/113\/2024\/05\/kihleboka-e1462275942578_1716490217.jpg 139w, https:\/\/visitrauland.com\/raulandhistorielag\/wp-content\/uploads\/sites\/113\/2024\/05\/kihleboka-e1462275942578_1716490217-100x131.jpg 100w\" data-src=\"https:\/\/visitrauland.com\/raulandhistorielag\/wp-content\/uploads\/sites\/113\/2024\/05\/kihleboka-e1462275942578_1716490217.jpg\"><\/p>\n","protected":false,"gt_translate_keys":[{"key":"rendered","format":"html"}]},"excerpt":{"rendered":"<p>Rauland Historielag fekk for mange \u00e5r sidan ei mengd svart-kvite fotografi som Harald Kihle tok under sine opphald i V\u00e5 og Arabygdi fr\u00e5 1938 og framover. Desse bileta meinte Rauland Historielag at fleire skulle f\u00e5 del i. Derfor vart denne boka til. Redakt\u00f8r: \u00d8ystein Kostveit. Forlag: Landbruksforlaget, 1997. Innhald: Arabygdi fyre vegen kom v\/ universitetslektor Sverre \u00d8ygarden Harald Kihle i &#8230; <\/p>\n<div><a href=\"https:\/\/visitrauland.com\/raulandhistorielag\/harald-kihle-som-fotograf\/\" class=\"more-link\">Les Mer<\/a><\/div>\n","protected":false,"gt_translate_keys":[{"key":"rendered","format":"html"}]},"author":10,"featured_media":0,"comment_status":"closed","ping_status":"closed","sticky":false,"template":"","format":"standard","meta":{"_relevanssi_hide_post":"","_relevanssi_hide_content":"","_relevanssi_pin_for_all":"","_relevanssi_pin_keywords":"","_relevanssi_unpin_keywords":"","_relevanssi_related_keywords":"","_relevanssi_related_include_ids":"","_relevanssi_related_exclude_ids":"","_relevanssi_related_no_append":"","_relevanssi_related_not_related":"","_relevanssi_related_posts":"","_relevanssi_noindex_reason":"","seo_booster_metabox":"","footnotes":""},"categories":[26],"tags":[],"class_list":["post-2071","post","type-post","status-publish","format-standard","hentry","category-bok-tidsskrift","no-post-thumbnail"],"yoast_head":"<!-- This site is optimized with the Yoast SEO plugin v27.5 - https:\/\/yoast.com\/product\/yoast-seo-wordpress\/ -->\n<title>Harald Kihle som fotograf - Rauland Historielag<\/title>\n<meta name=\"robots\" content=\"index, follow, max-snippet:-1, max-image-preview:large, max-video-preview:-1\" \/>\n<link rel=\"canonical\" href=\"https:\/\/visitrauland.com\/raulandhistorielag\/harald-kihle-som-fotograf\/\" \/>\n<meta property=\"og:locale\" content=\"nb_NO\" \/>\n<meta property=\"og:type\" content=\"article\" \/>\n<meta property=\"og:title\" content=\"Harald Kihle som fotograf - Rauland Historielag\" \/>\n<meta property=\"og:description\" content=\"Rauland Historielag fekk for mange \u00e5r sidan ei mengd svart-kvite fotografi som Harald Kihle tok under sine opphald i V\u00e5 og Arabygdi fr\u00e5 1938 og framover. Desse bileta meinte Rauland Historielag at fleire skulle f\u00e5 del i. Derfor vart denne boka til. Redakt\u00f8r: \u00d8ystein Kostveit. Forlag: Landbruksforlaget, 1997. Innhald: Arabygdi fyre vegen kom v\/ universitetslektor Sverre \u00d8ygarden Harald Kihle i ... Les Mer\" \/>\n<meta property=\"og:url\" content=\"https:\/\/visitrauland.com\/raulandhistorielag\/harald-kihle-som-fotograf\/\" \/>\n<meta property=\"og:site_name\" content=\"Rauland Historielag\" \/>\n<meta property=\"article:published_time\" content=\"2024-05-23T18:50:28+00:00\" \/>\n<meta property=\"og:image\" content=\"https:\/\/visitrauland.com\/raulandhistorielag\/wp-content\/uploads\/sites\/113\/2024\/05\/kihleboka-e1462275942578_1716490217.jpg\" \/>\n<meta name=\"author\" content=\"danny\" \/>\n<meta name=\"twitter:card\" content=\"summary_large_image\" \/>\n<meta name=\"twitter:label1\" content=\"Skrevet av\" \/>\n\t<meta name=\"twitter:data1\" content=\"danny\" \/>\n\t<meta name=\"twitter:label2\" content=\"Ansl. lesetid\" \/>\n\t<meta name=\"twitter:data2\" content=\"1 minutt\" \/>\n<script type=\"application\/ld+json\" class=\"yoast-schema-graph\">{\"@context\":\"https:\\\/\\\/schema.org\",\"@graph\":[{\"@type\":\"Article\",\"@id\":\"https:\\\/\\\/visitrauland.com\\\/raulandhistorielag\\\/harald-kihle-som-fotograf\\\/#article\",\"isPartOf\":{\"@id\":\"https:\\\/\\\/visitrauland.com\\\/raulandhistorielag\\\/harald-kihle-som-fotograf\\\/\"},\"author\":{\"name\":\"danny\",\"@id\":\"https:\\\/\\\/visitrauland.com\\\/raulandhistorielag\\\/#\\\/schema\\\/person\\\/488d11ecd1340c3c62f1436ce57facd1\"},\"headline\":\"Harald Kihle som fotograf\",\"datePublished\":\"2024-05-23T18:50:28+00:00\",\"mainEntityOfPage\":{\"@id\":\"https:\\\/\\\/visitrauland.com\\\/raulandhistorielag\\\/harald-kihle-som-fotograf\\\/\"},\"wordCount\":122,\"image\":{\"@id\":\"https:\\\/\\\/visitrauland.com\\\/raulandhistorielag\\\/harald-kihle-som-fotograf\\\/#primaryimage\"},\"thumbnailUrl\":\"https:\\\/\\\/visitrauland.com\\\/raulandhistorielag\\\/wp-content\\\/uploads\\\/sites\\\/113\\\/2024\\\/05\\\/kihleboka-e1462275942578_1716490217.jpg\",\"articleSection\":[\"B\u00f8ker\"],\"inLanguage\":\"nb-NO\"},{\"@type\":\"WebPage\",\"@id\":\"https:\\\/\\\/visitrauland.com\\\/raulandhistorielag\\\/harald-kihle-som-fotograf\\\/\",\"url\":\"https:\\\/\\\/visitrauland.com\\\/raulandhistorielag\\\/harald-kihle-som-fotograf\\\/\",\"name\":\"Harald Kihle som fotograf - Rauland Historielag\",\"isPartOf\":{\"@id\":\"https:\\\/\\\/visitrauland.com\\\/raulandhistorielag\\\/#website\"},\"primaryImageOfPage\":{\"@id\":\"https:\\\/\\\/visitrauland.com\\\/raulandhistorielag\\\/harald-kihle-som-fotograf\\\/#primaryimage\"},\"image\":{\"@id\":\"https:\\\/\\\/visitrauland.com\\\/raulandhistorielag\\\/harald-kihle-som-fotograf\\\/#primaryimage\"},\"thumbnailUrl\":\"https:\\\/\\\/visitrauland.com\\\/raulandhistorielag\\\/wp-content\\\/uploads\\\/sites\\\/113\\\/2024\\\/05\\\/kihleboka-e1462275942578_1716490217.jpg\",\"datePublished\":\"2024-05-23T18:50:28+00:00\",\"author\":{\"@id\":\"https:\\\/\\\/visitrauland.com\\\/raulandhistorielag\\\/#\\\/schema\\\/person\\\/488d11ecd1340c3c62f1436ce57facd1\"},\"breadcrumb\":{\"@id\":\"https:\\\/\\\/visitrauland.com\\\/raulandhistorielag\\\/harald-kihle-som-fotograf\\\/#breadcrumb\"},\"inLanguage\":\"nb-NO\",\"potentialAction\":[{\"@type\":\"ReadAction\",\"target\":[\"https:\\\/\\\/visitrauland.com\\\/raulandhistorielag\\\/harald-kihle-som-fotograf\\\/\"]}]},{\"@type\":\"ImageObject\",\"inLanguage\":\"nb-NO\",\"@id\":\"https:\\\/\\\/visitrauland.com\\\/raulandhistorielag\\\/harald-kihle-som-fotograf\\\/#primaryimage\",\"url\":\"https:\\\/\\\/visitrauland.com\\\/raulandhistorielag\\\/wp-content\\\/uploads\\\/sites\\\/113\\\/2024\\\/05\\\/kihleboka-e1462275942578_1716490217.jpg\",\"contentUrl\":\"https:\\\/\\\/visitrauland.com\\\/raulandhistorielag\\\/wp-content\\\/uploads\\\/sites\\\/113\\\/2024\\\/05\\\/kihleboka-e1462275942578_1716490217.jpg\",\"width\":139,\"height\":182,\"caption\":\"Bokomslag: Maleren og Grafkaren Harald Kihle Fotograf viser en kvinne foran et gammelt hus. Utgitt av Landbruksforlaget.\"},{\"@type\":\"BreadcrumbList\",\"@id\":\"https:\\\/\\\/visitrauland.com\\\/raulandhistorielag\\\/harald-kihle-som-fotograf\\\/#breadcrumb\",\"itemListElement\":[{\"@type\":\"ListItem\",\"position\":1,\"name\":\"Hjem\",\"item\":\"https:\\\/\\\/visitrauland.com\\\/raulandhistorielag\\\/\"},{\"@type\":\"ListItem\",\"position\":2,\"name\":\"Harald Kihle som fotograf\"}]},{\"@type\":\"WebSite\",\"@id\":\"https:\\\/\\\/visitrauland.com\\\/raulandhistorielag\\\/#website\",\"url\":\"https:\\\/\\\/visitrauland.com\\\/raulandhistorielag\\\/\",\"name\":\"Rauland Historielag\",\"description\":\"Slagord\",\"potentialAction\":[{\"@type\":\"SearchAction\",\"target\":{\"@type\":\"EntryPoint\",\"urlTemplate\":\"https:\\\/\\\/visitrauland.com\\\/raulandhistorielag\\\/?s={search_term_string}\"},\"query-input\":{\"@type\":\"PropertyValueSpecification\",\"valueRequired\":true,\"valueName\":\"search_term_string\"}}],\"inLanguage\":\"nb-NO\"},{\"@type\":\"Person\",\"@id\":\"https:\\\/\\\/visitrauland.com\\\/raulandhistorielag\\\/#\\\/schema\\\/person\\\/488d11ecd1340c3c62f1436ce57facd1\",\"name\":\"danny\",\"image\":{\"@type\":\"ImageObject\",\"inLanguage\":\"nb-NO\",\"@id\":\"https:\\\/\\\/secure.gravatar.com\\\/avatar\\\/f3d6f0f3317d4f09c36b5b4f977fde71a9817737244d0c1f4162ac79c71efee2?s=96&d=mm&r=g\",\"url\":\"https:\\\/\\\/secure.gravatar.com\\\/avatar\\\/f3d6f0f3317d4f09c36b5b4f977fde71a9817737244d0c1f4162ac79c71efee2?s=96&d=mm&r=g\",\"contentUrl\":\"https:\\\/\\\/secure.gravatar.com\\\/avatar\\\/f3d6f0f3317d4f09c36b5b4f977fde71a9817737244d0c1f4162ac79c71efee2?s=96&d=mm&r=g\",\"caption\":\"danny\"},\"url\":\"https:\\\/\\\/visitrauland.com\\\/raulandhistorielag\\\/author\\\/danny\\\/\"}]}<\/script>\n<!-- \/ Yoast SEO plugin. -->","yoast_head_json":{"title":"Harald Kihle som fotograf - Rauland Historielag","robots":{"index":"index","follow":"follow","max-snippet":"max-snippet:-1","max-image-preview":"max-image-preview:large","max-video-preview":"max-video-preview:-1"},"canonical":"https:\/\/visitrauland.com\/raulandhistorielag\/harald-kihle-som-fotograf\/","og_locale":"nb_NO","og_type":"article","og_title":"Harald Kihle som fotograf - Rauland Historielag","og_description":"Rauland Historielag fekk for mange \u00e5r sidan ei mengd svart-kvite fotografi som Harald Kihle tok under sine opphald i V\u00e5 og Arabygdi fr\u00e5 1938 og framover. Desse bileta meinte Rauland Historielag at fleire skulle f\u00e5 del i. Derfor vart denne boka til. Redakt\u00f8r: \u00d8ystein Kostveit. Forlag: Landbruksforlaget, 1997. Innhald: Arabygdi fyre vegen kom v\/ universitetslektor Sverre \u00d8ygarden Harald Kihle i ... Les Mer","og_url":"https:\/\/visitrauland.com\/raulandhistorielag\/harald-kihle-som-fotograf\/","og_site_name":"Rauland Historielag","article_published_time":"2024-05-23T18:50:28+00:00","og_image":[{"url":"https:\/\/visitrauland.com\/raulandhistorielag\/wp-content\/uploads\/sites\/113\/2024\/05\/kihleboka-e1462275942578_1716490217.jpg","type":"","width":"","height":""}],"author":"danny","twitter_card":"summary_large_image","twitter_misc":{"Skrevet av":"danny","Ansl. lesetid":"1 minutt"},"schema":{"@context":"https:\/\/schema.org","@graph":[{"@type":"Article","@id":"https:\/\/visitrauland.com\/raulandhistorielag\/harald-kihle-som-fotograf\/#article","isPartOf":{"@id":"https:\/\/visitrauland.com\/raulandhistorielag\/harald-kihle-som-fotograf\/"},"author":{"name":"danny","@id":"https:\/\/visitrauland.com\/raulandhistorielag\/#\/schema\/person\/488d11ecd1340c3c62f1436ce57facd1"},"headline":"Harald Kihle som fotograf","datePublished":"2024-05-23T18:50:28+00:00","mainEntityOfPage":{"@id":"https:\/\/visitrauland.com\/raulandhistorielag\/harald-kihle-som-fotograf\/"},"wordCount":122,"image":{"@id":"https:\/\/visitrauland.com\/raulandhistorielag\/harald-kihle-som-fotograf\/#primaryimage"},"thumbnailUrl":"https:\/\/visitrauland.com\/raulandhistorielag\/wp-content\/uploads\/sites\/113\/2024\/05\/kihleboka-e1462275942578_1716490217.jpg","articleSection":["B\u00f8ker"],"inLanguage":"nb-NO"},{"@type":"WebPage","@id":"https:\/\/visitrauland.com\/raulandhistorielag\/harald-kihle-som-fotograf\/","url":"https:\/\/visitrauland.com\/raulandhistorielag\/harald-kihle-som-fotograf\/","name":"Harald Kihle som fotograf - Rauland Historielag","isPartOf":{"@id":"https:\/\/visitrauland.com\/raulandhistorielag\/#website"},"primaryImageOfPage":{"@id":"https:\/\/visitrauland.com\/raulandhistorielag\/harald-kihle-som-fotograf\/#primaryimage"},"image":{"@id":"https:\/\/visitrauland.com\/raulandhistorielag\/harald-kihle-som-fotograf\/#primaryimage"},"thumbnailUrl":"https:\/\/visitrauland.com\/raulandhistorielag\/wp-content\/uploads\/sites\/113\/2024\/05\/kihleboka-e1462275942578_1716490217.jpg","datePublished":"2024-05-23T18:50:28+00:00","author":{"@id":"https:\/\/visitrauland.com\/raulandhistorielag\/#\/schema\/person\/488d11ecd1340c3c62f1436ce57facd1"},"breadcrumb":{"@id":"https:\/\/visitrauland.com\/raulandhistorielag\/harald-kihle-som-fotograf\/#breadcrumb"},"inLanguage":"nb-NO","potentialAction":[{"@type":"ReadAction","target":["https:\/\/visitrauland.com\/raulandhistorielag\/harald-kihle-som-fotograf\/"]}]},{"@type":"ImageObject","inLanguage":"nb-NO","@id":"https:\/\/visitrauland.com\/raulandhistorielag\/harald-kihle-som-fotograf\/#primaryimage","url":"https:\/\/visitrauland.com\/raulandhistorielag\/wp-content\/uploads\/sites\/113\/2024\/05\/kihleboka-e1462275942578_1716490217.jpg","contentUrl":"https:\/\/visitrauland.com\/raulandhistorielag\/wp-content\/uploads\/sites\/113\/2024\/05\/kihleboka-e1462275942578_1716490217.jpg","width":139,"height":182,"caption":"Bokomslag: Maleren og Grafkaren Harald Kihle Fotograf viser en kvinne foran et gammelt hus. Utgitt av Landbruksforlaget."},{"@type":"BreadcrumbList","@id":"https:\/\/visitrauland.com\/raulandhistorielag\/harald-kihle-som-fotograf\/#breadcrumb","itemListElement":[{"@type":"ListItem","position":1,"name":"Hjem","item":"https:\/\/visitrauland.com\/raulandhistorielag\/"},{"@type":"ListItem","position":2,"name":"Harald Kihle som fotograf"}]},{"@type":"WebSite","@id":"https:\/\/visitrauland.com\/raulandhistorielag\/#website","url":"https:\/\/visitrauland.com\/raulandhistorielag\/","name":"Rauland Historielag","description":"Slagord","potentialAction":[{"@type":"SearchAction","target":{"@type":"EntryPoint","urlTemplate":"https:\/\/visitrauland.com\/raulandhistorielag\/?s={search_term_string}"},"query-input":{"@type":"PropertyValueSpecification","valueRequired":true,"valueName":"search_term_string"}}],"inLanguage":"nb-NO"},{"@type":"Person","@id":"https:\/\/visitrauland.com\/raulandhistorielag\/#\/schema\/person\/488d11ecd1340c3c62f1436ce57facd1","name":"danny","image":{"@type":"ImageObject","inLanguage":"nb-NO","@id":"https:\/\/secure.gravatar.com\/avatar\/f3d6f0f3317d4f09c36b5b4f977fde71a9817737244d0c1f4162ac79c71efee2?s=96&d=mm&r=g","url":"https:\/\/secure.gravatar.com\/avatar\/f3d6f0f3317d4f09c36b5b4f977fde71a9817737244d0c1f4162ac79c71efee2?s=96&d=mm&r=g","contentUrl":"https:\/\/secure.gravatar.com\/avatar\/f3d6f0f3317d4f09c36b5b4f977fde71a9817737244d0c1f4162ac79c71efee2?s=96&d=mm&r=g","caption":"danny"},"url":"https:\/\/visitrauland.com\/raulandhistorielag\/author\/danny\/"}]}},"gt_translate_keys":[{"key":"link","format":"url"}],"_links":{"self":[{"href":"https:\/\/visitrauland.com\/raulandhistorielag\/wp-json\/wp\/v2\/posts\/2071","targetHints":{"allow":["GET"]}}],"collection":[{"href":"https:\/\/visitrauland.com\/raulandhistorielag\/wp-json\/wp\/v2\/posts"}],"about":[{"href":"https:\/\/visitrauland.com\/raulandhistorielag\/wp-json\/wp\/v2\/types\/post"}],"author":[{"embeddable":true,"href":"https:\/\/visitrauland.com\/raulandhistorielag\/wp-json\/wp\/v2\/users\/10"}],"replies":[{"embeddable":true,"href":"https:\/\/visitrauland.com\/raulandhistorielag\/wp-json\/wp\/v2\/comments?post=2071"}],"version-history":[{"count":1,"href":"https:\/\/visitrauland.com\/raulandhistorielag\/wp-json\/wp\/v2\/posts\/2071\/revisions"}],"predecessor-version":[{"id":2073,"href":"https:\/\/visitrauland.com\/raulandhistorielag\/wp-json\/wp\/v2\/posts\/2071\/revisions\/2073"}],"wp:attachment":[{"href":"https:\/\/visitrauland.com\/raulandhistorielag\/wp-json\/wp\/v2\/media?parent=2071"}],"wp:term":[{"taxonomy":"category","embeddable":true,"href":"https:\/\/visitrauland.com\/raulandhistorielag\/wp-json\/wp\/v2\/categories?post=2071"},{"taxonomy":"post_tag","embeddable":true,"href":"https:\/\/visitrauland.com\/raulandhistorielag\/wp-json\/wp\/v2\/tags?post=2071"}],"curies":[{"name":"wp","href":"https:\/\/api.w.org\/{rel}","templated":true}]}}