{"id":2768,"date":"2026-09-05T22:37:28","date_gmt":"2026-09-05T20:37:28","guid":{"rendered":"https:\/\/visitrauland.com\/rauland-hyttevelforening\/?p=2768"},"modified":"2026-09-05T22:39:49","modified_gmt":"2026-09-05T20:39:49","slug":"hosttreff-for-hytteeiere-pa-rauland-3-oktober","status":"publish","type":"post","link":"https:\/\/visitrauland.com\/rauland-hyttevelforening\/hosttreff-for-hytteeiere-pa-rauland-3-oktober\/","title":{"rendered":"H\u00f8sttreff for hytteeiere p\u00e5 Rauland 3. oktober","gt_translate_keys":[{"key":"rendered","format":"text"}]},"content":{"rendered":"\n<p class=\"wp-block-paragraph\"><strong>L\u00f8rdag 3. oktober inviterer Rauland Hyttevelforening til \u00e5rets h\u00f8sttreff p\u00e5 Rauland H\u00f8gfjellshotell. Det blir en hyggelig ettermiddag med folkemusikk, god mat, k\u00e5seri, aktuelt nytt fra hyttevelforeningen \u2013 og egne tilbud til barna.<\/strong><\/p>\n\n\n\n<p class=\"wp-block-paragraph\"><strong><a href=\"\/rauland-hyttevelforening\/paamelding-hoesttreff\/\">P\u00e5melding til h\u00f8sttreff &#8211; klikk her!<\/a><\/strong><\/p>\n\n\n\n<p class=\"wp-block-paragraph\">H\u00f8sttreffet er en m\u00f8teplass for deg som har hytte p\u00e5 Rauland, med b\u00e5de sosialt samv\u00e6r, underholdning og nyttig informasjon. D\u00f8rene \u00e5pner kl. 14.30, og programmet varer fra kl. 15.00 til 17.30.<\/p>\n\n\n\n<h5 class=\"wp-block-heading\">Folkemusikk med Magnus Wiik<\/h5>\n\n\n\n<p class=\"wp-block-paragraph\">Ettermiddagen starter med et musikalsk innslag i lobbyen fra <strong>Magnus Wiik<\/strong>, en av Norges fremste folkemusikere. Den prisbel\u00f8nte musikeren har turnert som bandleder og sidemusiker i mer enn 30 land og gitt ut n\u00e6rmere tjue album. Til daglig er han l\u00e6rer i folkemusikk ved Universitetet i S\u00f8r\u00f8st-Norge p\u00e5 Rauland.<\/p>\n\n\n\n<p class=\"wp-block-paragraph\">Etter musikken g\u00e5r turen til spisesalen, hvor det serveres spekemattallerken med egger\u00f8re, potetsalat, br\u00f8d og sm\u00f8r, etterfulgt av kake og kaffe eller te. Annen drikke kan kj\u00f8pes i baren.<\/p>\n\n\n\n<h5 class=\"wp-block-heading\">\u00abDet er p\u00e5 Rauland gullet ligg\u00bb<\/h5>\n\n\n\n<p class=\"wp-block-paragraph\">Kl. 16.15 blir det k\u00e5seri med <strong>\u00d8ystein Haugan fra Rjukan<\/strong> under tittelen <em>\u00abDet er p\u00e5 Rauland gullet ligg\u00bb<\/em>. Her f\u00e5r publikum h\u00f8re mer om verdensarven p\u00e5 Rjukan og Notodden, og hvilken betydning Rauland har i denne historien. Verdensarven er ogs\u00e5 aktuell gjennom TV-serien om de norske verdensarvstedene.<\/p>\n\n\n\n<p class=\"wp-block-paragraph\">Treffet avsluttes med siste nytt fra Rauland Hyttevelforening ved styreleder Kenneth Johansen Kl\u00f8w.<\/p>\n\n\n\n<h5 class=\"wp-block-heading\">Barna er selvf\u00f8lgelig velkomne<\/h5>\n\n\n\n<p class=\"wp-block-paragraph\">Rauland Hyttevelforening \u00f8nsker at ogs\u00e5 flere barnefamilier skal delta p\u00e5 h\u00f8sttreffet. Derfor f\u00e5r barn av deltakende foreldre eller besteforeldre gratis barnebuffet med p\u00f8lser eller nuggets og pommes frites, kake og brus. Barna f\u00e5r ogs\u00e5 tilgang til aktivitets- og lekerom, samt hotellets badebasseng hele dagen sammen med en voksen ledsager. Husk \u00e5 melde p\u00e5 barna samtidig med de voksne.<\/p>\n\n\n\n<h5 class=\"wp-block-heading\">Program og praktisk informasjon<\/h5>\n\n\n\n<ul class=\"wp-block-list\">\n<li><strong>14.30:<\/strong> Fremm\u00f8te p\u00e5 Rauland H\u00f8gfjellshotell<\/li>\n\n\n\n<li><strong>15.00:<\/strong> Musikalsk innslag med Magnus Wiik<\/li>\n\n\n\n<li><strong>15.30:<\/strong> Spekemattallerken, kake og kaffe\/te<\/li>\n\n\n\n<li><strong>16.15:<\/strong> K\u00e5seri med \u00d8ystein Haugan \u2013 <em>\u00abDet er p\u00e5 Rauland gullet ligg\u00bb<\/em><\/li>\n\n\n\n<li><strong>17.00:<\/strong> Siste nytt fra Rauland Hyttevelforening<\/li>\n\n\n\n<li><strong>17.30:<\/strong> Avslutning<\/li>\n<\/ul>\n\n\n\n<p class=\"wp-block-paragraph\"><strong>Dato:<\/strong> L\u00f8rdag 3. oktober 2026<br><strong>Sted:<\/strong> Rauland H\u00f8gfjellshotell<br><strong>Pris:<\/strong> Kr 350,- for medlemmer \/ kr 400,- for andre<br><strong>Barn:<\/strong> Gratis<br><strong>P\u00e5meldingsfrist:<\/strong> Senest 25. september<\/p>\n\n\n\n<p class=\"wp-block-paragraph\"><strong><a href=\"\/rauland-hyttevelforening\/paamelding-hoesttreff\/\">P\u00e5melding til h\u00f8sttreff &#8211; klikk her!<\/a><\/strong><\/p>\n\n\n\n<p class=\"wp-block-paragraph\">Betaling gj\u00f8res med Vipps til <strong>#125958 Rauland Hyttevelforening<\/strong> f\u00f8r arrangementet. Det er ogs\u00e5 mulig \u00e5 f\u00e5 tilsendt faktura etter p\u00e5melding.<\/p>\n\n\n\n<p class=\"wp-block-paragraph\"><strong>Velkommen til en sosial og innholdsrik h\u00f8stettermiddag p\u00e5 Rauland!<\/strong><\/p>\n\n\n\n<div data-wp-interactive=\"core\/file\" class=\"wp-block-file\"><object data-wp-bind--hidden=\"!state.hasPdfPreview\" hidden class=\"wp-block-file__embed\" data=\"https:\/\/visitrauland.com\/rauland-hyttevelforening\/wp-content\/uploads\/sites\/35\/2026\/09\/Invitasjon-Hosttreff-Rauland-hyttevelforening-2026.pptx_1788640630.pdf\" type=\"application\/pdf\" style=\"width:100%;height:600px\" aria-label=\"Innbygging av Invitasjon H\u00f8sttreff Rauland hyttevelforening 2026.pptx\"><\/object><a id=\"wp-block-file--media-a02d4cb7-a48a-4cdb-b3ef-dd25d0286e5c\" href=\"https:\/\/visitrauland.com\/rauland-hyttevelforening\/wp-content\/uploads\/sites\/35\/2026\/09\/Invitasjon-Hosttreff-Rauland-hyttevelforening-2026.pptx_1788640630.pdf\">Invitasjon H\u00f8sttreff Rauland hyttevelforening 2026.pptx<\/a><a href=\"https:\/\/visitrauland.com\/rauland-hyttevelforening\/wp-content\/uploads\/sites\/35\/2026\/09\/Invitasjon-Hosttreff-Rauland-hyttevelforening-2026.pptx_1788640630.pdf\" class=\"wp-block-file__button wp-element-button\" download aria-describedby=\"wp-block-file--media-a02d4cb7-a48a-4cdb-b3ef-dd25d0286e5c\">Last ned<\/a><\/div>\n","protected":false,"gt_translate_keys":[{"key":"rendered","format":"html"}]},"excerpt":{"rendered":"<p>L\u00f8rdag 3. oktober inviterer Rauland Hyttevelforening til \u00e5rets h\u00f8sttreff p\u00e5 Rauland H\u00f8gfjellshotell. Det blir en hyggelig ettermiddag med folkemusikk, god mat, k\u00e5seri, aktuelt nytt fra hyttevelforeningen \u2013 og egne tilbud til barna. P\u00e5melding til h\u00f8sttreff &#8211; klikk her! H\u00f8sttreffet er en m\u00f8teplass for deg som har hytte p\u00e5 Rauland, med b\u00e5de sosialt samv\u00e6r, underholdning og nyttig informasjon. D\u00f8rene \u00e5pner kl. &#8230; <\/p>\n<div><a href=\"https:\/\/visitrauland.com\/rauland-hyttevelforening\/hosttreff-for-hytteeiere-pa-rauland-3-oktober\/\" class=\"more-link\">Les Mer<\/a><\/div>\n","protected":false,"gt_translate_keys":[{"key":"rendered","format":"html"}]},"author":10,"featured_media":2769,"comment_status":"closed","ping_status":"closed","sticky":false,"template":"","format":"standard","meta":{"_relevanssi_hide_post":"","_relevanssi_hide_content":"","_relevanssi_pin_for_all":"","_relevanssi_pin_keywords":"","_relevanssi_unpin_keywords":"","_relevanssi_related_keywords":"","_relevanssi_related_include_ids":"","_relevanssi_related_exclude_ids":"","_relevanssi_related_no_append":"","_relevanssi_related_not_related":"","_relevanssi_related_posts":"2761,2748,2174,2636,2690","_relevanssi_noindex_reason":"","footnotes":""},"categories":[14,13],"tags":[],"class_list":["post-2768","post","type-post","status-publish","format-standard","has-post-thumbnail","hentry","category-aktuelt","category-rauland"],"yoast_head":"<!-- This site is optimized with the Yoast SEO plugin v28.2 - https:\/\/yoast.com\/product\/yoast-seo-wordpress\/ -->\n<title>H\u00f8sttreff for hytteeiere p\u00e5 Rauland 3. oktober - Rauland Hyttevelforening<\/title>\n<meta name=\"robots\" content=\"index, follow, max-snippet:-1, max-image-preview:large, max-video-preview:-1\" \/>\n<link rel=\"canonical\" href=\"https:\/\/visitrauland.com\/rauland-hyttevelforening\/hosttreff-for-hytteeiere-pa-rauland-3-oktober\/\" \/>\n<meta property=\"og:locale\" content=\"nb_NO\" \/>\n<meta property=\"og:type\" content=\"article\" \/>\n<meta property=\"og:title\" content=\"H\u00f8sttreff for hytteeiere p\u00e5 Rauland 3. oktober - Rauland Hyttevelforening\" \/>\n<meta property=\"og:description\" content=\"L\u00f8rdag 3. oktober inviterer Rauland Hyttevelforening til \u00e5rets h\u00f8sttreff p\u00e5 Rauland H\u00f8gfjellshotell. Det blir en hyggelig ettermiddag med folkemusikk, god mat, k\u00e5seri, aktuelt nytt fra hyttevelforeningen \u2013 og egne tilbud til barna. P\u00e5melding til h\u00f8sttreff &#8211; klikk her! H\u00f8sttreffet er en m\u00f8teplass for deg som har hytte p\u00e5 Rauland, med b\u00e5de sosialt samv\u00e6r, underholdning og nyttig informasjon. D\u00f8rene \u00e5pner kl. ... Les Mer\" \/>\n<meta property=\"og:url\" content=\"https:\/\/visitrauland.com\/rauland-hyttevelforening\/hosttreff-for-hytteeiere-pa-rauland-3-oktober\/\" \/>\n<meta property=\"og:site_name\" content=\"Rauland Hyttevelforening\" \/>\n<meta property=\"article:published_time\" content=\"2026-09-05T20:37:28+00:00\" \/>\n<meta property=\"article:modified_time\" content=\"2026-09-05T20:39:49+00:00\" \/>\n<meta property=\"og:image\" content=\"https:\/\/visitrauland.com\/rauland-hyttevelforening\/wp-content\/uploads\/sites\/35\/2026\/09\/Skjermbilde-2026-09-05-223324_1788640419.png\" \/>\n\t<meta property=\"og:image:width\" content=\"1462\" \/>\n\t<meta property=\"og:image:height\" content=\"836\" \/>\n\t<meta property=\"og:image:type\" content=\"image\/png\" \/>\n<meta name=\"author\" content=\"danny\" \/>\n<meta name=\"twitter:card\" content=\"summary_large_image\" \/>\n<meta name=\"twitter:label1\" content=\"Skrevet av\" \/>\n\t<meta name=\"twitter:data1\" content=\"danny\" \/>\n\t<meta name=\"twitter:label2\" content=\"Ansl. lesetid\" \/>\n\t<meta name=\"twitter:data2\" content=\"3 minutter\" \/>\n<script type=\"application\/ld+json\" class=\"yoast-schema-graph\">{\"@context\":\"https:\\\/\\\/schema.org\",\"@graph\":[{\"@type\":\"Article\",\"@id\":\"https:\\\/\\\/visitrauland.com\\\/rauland-hyttevelforening\\\/hosttreff-for-hytteeiere-pa-rauland-3-oktober\\\/#article\",\"isPartOf\":{\"@id\":\"https:\\\/\\\/visitrauland.com\\\/rauland-hyttevelforening\\\/hosttreff-for-hytteeiere-pa-rauland-3-oktober\\\/\"},\"author\":{\"name\":\"danny\",\"@id\":\"https:\\\/\\\/visitrauland.com\\\/rauland-hyttevelforening\\\/#\\\/schema\\\/person\\\/488d11ecd1340c3c62f1436ce57facd1\"},\"headline\":\"H\u00f8sttreff for hytteeiere p\u00e5 Rauland 3. oktober\",\"datePublished\":\"2026-09-05T20:37:28+00:00\",\"dateModified\":\"2026-09-05T20:39:49+00:00\",\"mainEntityOfPage\":{\"@id\":\"https:\\\/\\\/visitrauland.com\\\/rauland-hyttevelforening\\\/hosttreff-for-hytteeiere-pa-rauland-3-oktober\\\/\"},\"wordCount\":415,\"image\":{\"@id\":\"https:\\\/\\\/visitrauland.com\\\/rauland-hyttevelforening\\\/hosttreff-for-hytteeiere-pa-rauland-3-oktober\\\/#primaryimage\"},\"thumbnailUrl\":\"https:\\\/\\\/visitrauland.com\\\/rauland-hyttevelforening\\\/wp-content\\\/uploads\\\/sites\\\/35\\\/2026\\\/09\\\/Skjermbilde-2026-09-05-223324_1788640419.png\",\"articleSection\":[\"Aktuelt\",\"Rauland\"],\"inLanguage\":\"nb-NO\"},{\"@type\":\"WebPage\",\"@id\":\"https:\\\/\\\/visitrauland.com\\\/rauland-hyttevelforening\\\/hosttreff-for-hytteeiere-pa-rauland-3-oktober\\\/\",\"url\":\"https:\\\/\\\/visitrauland.com\\\/rauland-hyttevelforening\\\/hosttreff-for-hytteeiere-pa-rauland-3-oktober\\\/\",\"name\":\"H\u00f8sttreff for hytteeiere p\u00e5 Rauland 3. oktober - Rauland Hyttevelforening\",\"isPartOf\":{\"@id\":\"https:\\\/\\\/visitrauland.com\\\/rauland-hyttevelforening\\\/#website\"},\"primaryImageOfPage\":{\"@id\":\"https:\\\/\\\/visitrauland.com\\\/rauland-hyttevelforening\\\/hosttreff-for-hytteeiere-pa-rauland-3-oktober\\\/#primaryimage\"},\"image\":{\"@id\":\"https:\\\/\\\/visitrauland.com\\\/rauland-hyttevelforening\\\/hosttreff-for-hytteeiere-pa-rauland-3-oktober\\\/#primaryimage\"},\"thumbnailUrl\":\"https:\\\/\\\/visitrauland.com\\\/rauland-hyttevelforening\\\/wp-content\\\/uploads\\\/sites\\\/35\\\/2026\\\/09\\\/Skjermbilde-2026-09-05-223324_1788640419.png\",\"datePublished\":\"2026-09-05T20:37:28+00:00\",\"dateModified\":\"2026-09-05T20:39:49+00:00\",\"author\":{\"@id\":\"https:\\\/\\\/visitrauland.com\\\/rauland-hyttevelforening\\\/#\\\/schema\\\/person\\\/488d11ecd1340c3c62f1436ce57facd1\"},\"breadcrumb\":{\"@id\":\"https:\\\/\\\/visitrauland.com\\\/rauland-hyttevelforening\\\/hosttreff-for-hytteeiere-pa-rauland-3-oktober\\\/#breadcrumb\"},\"inLanguage\":\"nb-NO\",\"potentialAction\":[{\"@type\":\"ReadAction\",\"target\":[\"https:\\\/\\\/visitrauland.com\\\/rauland-hyttevelforening\\\/hosttreff-for-hytteeiere-pa-rauland-3-oktober\\\/\"]}]},{\"@type\":\"ImageObject\",\"inLanguage\":\"nb-NO\",\"@id\":\"https:\\\/\\\/visitrauland.com\\\/rauland-hyttevelforening\\\/hosttreff-for-hytteeiere-pa-rauland-3-oktober\\\/#primaryimage\",\"url\":\"https:\\\/\\\/visitrauland.com\\\/rauland-hyttevelforening\\\/wp-content\\\/uploads\\\/sites\\\/35\\\/2026\\\/09\\\/Skjermbilde-2026-09-05-223324_1788640419.png\",\"contentUrl\":\"https:\\\/\\\/visitrauland.com\\\/rauland-hyttevelforening\\\/wp-content\\\/uploads\\\/sites\\\/35\\\/2026\\\/09\\\/Skjermbilde-2026-09-05-223324_1788640419.png\",\"width\":1462,\"height\":836,\"caption\":\"Sk\u00e5l med multer foran naturen, invitasjon til H\u00f8sttreff 3. oktober 2026 fra Rauland Hyttevelforening.\"},{\"@type\":\"BreadcrumbList\",\"@id\":\"https:\\\/\\\/visitrauland.com\\\/rauland-hyttevelforening\\\/hosttreff-for-hytteeiere-pa-rauland-3-oktober\\\/#breadcrumb\",\"itemListElement\":[{\"@type\":\"ListItem\",\"position\":1,\"name\":\"Hjem\",\"item\":\"https:\\\/\\\/visitrauland.com\\\/rauland-hyttevelforening\\\/\"},{\"@type\":\"ListItem\",\"position\":2,\"name\":\"H\u00f8sttreff for hytteeiere p\u00e5 Rauland 3. oktober\"}]},{\"@type\":\"WebSite\",\"@id\":\"https:\\\/\\\/visitrauland.com\\\/rauland-hyttevelforening\\\/#website\",\"url\":\"https:\\\/\\\/visitrauland.com\\\/rauland-hyttevelforening\\\/\",\"name\":\"Rauland Hyttevelforening\",\"description\":\"En konstruktiv og aktiv samarbeidspartner i Rauland\",\"potentialAction\":[{\"@type\":\"SearchAction\",\"target\":{\"@type\":\"EntryPoint\",\"urlTemplate\":\"https:\\\/\\\/visitrauland.com\\\/rauland-hyttevelforening\\\/?s={search_term_string}\"},\"query-input\":{\"@type\":\"PropertyValueSpecification\",\"valueRequired\":true,\"valueName\":\"search_term_string\"}}],\"inLanguage\":\"nb-NO\"},{\"@type\":\"Person\",\"@id\":\"https:\\\/\\\/visitrauland.com\\\/rauland-hyttevelforening\\\/#\\\/schema\\\/person\\\/488d11ecd1340c3c62f1436ce57facd1\",\"name\":\"danny\",\"image\":{\"@type\":\"ImageObject\",\"inLanguage\":\"nb-NO\",\"@id\":\"https:\\\/\\\/secure.gravatar.com\\\/avatar\\\/f3d6f0f3317d4f09c36b5b4f977fde71a9817737244d0c1f4162ac79c71efee2?s=96&d=mm&r=g\",\"url\":\"https:\\\/\\\/secure.gravatar.com\\\/avatar\\\/f3d6f0f3317d4f09c36b5b4f977fde71a9817737244d0c1f4162ac79c71efee2?s=96&d=mm&r=g\",\"contentUrl\":\"https:\\\/\\\/secure.gravatar.com\\\/avatar\\\/f3d6f0f3317d4f09c36b5b4f977fde71a9817737244d0c1f4162ac79c71efee2?s=96&d=mm&r=g\",\"caption\":\"danny\"},\"url\":\"https:\\\/\\\/visitrauland.com\\\/rauland-hyttevelforening\\\/author\\\/danny\\\/\"}]}<\/script>\n<!-- \/ Yoast SEO plugin. -->","yoast_head_json":{"title":"H\u00f8sttreff for hytteeiere p\u00e5 Rauland 3. oktober - Rauland Hyttevelforening","robots":{"index":"index","follow":"follow","max-snippet":"max-snippet:-1","max-image-preview":"max-image-preview:large","max-video-preview":"max-video-preview:-1"},"canonical":"https:\/\/visitrauland.com\/rauland-hyttevelforening\/hosttreff-for-hytteeiere-pa-rauland-3-oktober\/","og_locale":"nb_NO","og_type":"article","og_title":"H\u00f8sttreff for hytteeiere p\u00e5 Rauland 3. oktober - Rauland Hyttevelforening","og_description":"L\u00f8rdag 3. oktober inviterer Rauland Hyttevelforening til \u00e5rets h\u00f8sttreff p\u00e5 Rauland H\u00f8gfjellshotell. Det blir en hyggelig ettermiddag med folkemusikk, god mat, k\u00e5seri, aktuelt nytt fra hyttevelforeningen \u2013 og egne tilbud til barna. P\u00e5melding til h\u00f8sttreff &#8211; klikk her! H\u00f8sttreffet er en m\u00f8teplass for deg som har hytte p\u00e5 Rauland, med b\u00e5de sosialt samv\u00e6r, underholdning og nyttig informasjon. D\u00f8rene \u00e5pner kl. ... Les Mer","og_url":"https:\/\/visitrauland.com\/rauland-hyttevelforening\/hosttreff-for-hytteeiere-pa-rauland-3-oktober\/","og_site_name":"Rauland Hyttevelforening","article_published_time":"2026-09-05T20:37:28+00:00","article_modified_time":"2026-09-05T20:39:49+00:00","og_image":[{"width":1462,"height":836,"url":"https:\/\/visitrauland.com\/rauland-hyttevelforening\/wp-content\/uploads\/sites\/35\/2026\/09\/Skjermbilde-2026-09-05-223324_1788640419.png","type":"image\/png"}],"author":"danny","twitter_card":"summary_large_image","twitter_misc":{"Skrevet av":"danny","Ansl. lesetid":"3 minutter"},"schema":{"@context":"https:\/\/schema.org","@graph":[{"@type":"Article","@id":"https:\/\/visitrauland.com\/rauland-hyttevelforening\/hosttreff-for-hytteeiere-pa-rauland-3-oktober\/#article","isPartOf":{"@id":"https:\/\/visitrauland.com\/rauland-hyttevelforening\/hosttreff-for-hytteeiere-pa-rauland-3-oktober\/"},"author":{"name":"danny","@id":"https:\/\/visitrauland.com\/rauland-hyttevelforening\/#\/schema\/person\/488d11ecd1340c3c62f1436ce57facd1"},"headline":"H\u00f8sttreff for hytteeiere p\u00e5 Rauland 3. oktober","datePublished":"2026-09-05T20:37:28+00:00","dateModified":"2026-09-05T20:39:49+00:00","mainEntityOfPage":{"@id":"https:\/\/visitrauland.com\/rauland-hyttevelforening\/hosttreff-for-hytteeiere-pa-rauland-3-oktober\/"},"wordCount":415,"image":{"@id":"https:\/\/visitrauland.com\/rauland-hyttevelforening\/hosttreff-for-hytteeiere-pa-rauland-3-oktober\/#primaryimage"},"thumbnailUrl":"https:\/\/visitrauland.com\/rauland-hyttevelforening\/wp-content\/uploads\/sites\/35\/2026\/09\/Skjermbilde-2026-09-05-223324_1788640419.png","articleSection":["Aktuelt","Rauland"],"inLanguage":"nb-NO"},{"@type":"WebPage","@id":"https:\/\/visitrauland.com\/rauland-hyttevelforening\/hosttreff-for-hytteeiere-pa-rauland-3-oktober\/","url":"https:\/\/visitrauland.com\/rauland-hyttevelforening\/hosttreff-for-hytteeiere-pa-rauland-3-oktober\/","name":"H\u00f8sttreff for hytteeiere p\u00e5 Rauland 3. oktober - Rauland Hyttevelforening","isPartOf":{"@id":"https:\/\/visitrauland.com\/rauland-hyttevelforening\/#website"},"primaryImageOfPage":{"@id":"https:\/\/visitrauland.com\/rauland-hyttevelforening\/hosttreff-for-hytteeiere-pa-rauland-3-oktober\/#primaryimage"},"image":{"@id":"https:\/\/visitrauland.com\/rauland-hyttevelforening\/hosttreff-for-hytteeiere-pa-rauland-3-oktober\/#primaryimage"},"thumbnailUrl":"https:\/\/visitrauland.com\/rauland-hyttevelforening\/wp-content\/uploads\/sites\/35\/2026\/09\/Skjermbilde-2026-09-05-223324_1788640419.png","datePublished":"2026-09-05T20:37:28+00:00","dateModified":"2026-09-05T20:39:49+00:00","author":{"@id":"https:\/\/visitrauland.com\/rauland-hyttevelforening\/#\/schema\/person\/488d11ecd1340c3c62f1436ce57facd1"},"breadcrumb":{"@id":"https:\/\/visitrauland.com\/rauland-hyttevelforening\/hosttreff-for-hytteeiere-pa-rauland-3-oktober\/#breadcrumb"},"inLanguage":"nb-NO","potentialAction":[{"@type":"ReadAction","target":["https:\/\/visitrauland.com\/rauland-hyttevelforening\/hosttreff-for-hytteeiere-pa-rauland-3-oktober\/"]}]},{"@type":"ImageObject","inLanguage":"nb-NO","@id":"https:\/\/visitrauland.com\/rauland-hyttevelforening\/hosttreff-for-hytteeiere-pa-rauland-3-oktober\/#primaryimage","url":"https:\/\/visitrauland.com\/rauland-hyttevelforening\/wp-content\/uploads\/sites\/35\/2026\/09\/Skjermbilde-2026-09-05-223324_1788640419.png","contentUrl":"https:\/\/visitrauland.com\/rauland-hyttevelforening\/wp-content\/uploads\/sites\/35\/2026\/09\/Skjermbilde-2026-09-05-223324_1788640419.png","width":1462,"height":836,"caption":"Sk\u00e5l med multer foran naturen, invitasjon til H\u00f8sttreff 3. oktober 2026 fra Rauland Hyttevelforening."},{"@type":"BreadcrumbList","@id":"https:\/\/visitrauland.com\/rauland-hyttevelforening\/hosttreff-for-hytteeiere-pa-rauland-3-oktober\/#breadcrumb","itemListElement":[{"@type":"ListItem","position":1,"name":"Hjem","item":"https:\/\/visitrauland.com\/rauland-hyttevelforening\/"},{"@type":"ListItem","position":2,"name":"H\u00f8sttreff for hytteeiere p\u00e5 Rauland 3. oktober"}]},{"@type":"WebSite","@id":"https:\/\/visitrauland.com\/rauland-hyttevelforening\/#website","url":"https:\/\/visitrauland.com\/rauland-hyttevelforening\/","name":"Rauland Hyttevelforening","description":"En konstruktiv og aktiv samarbeidspartner i Rauland","potentialAction":[{"@type":"SearchAction","target":{"@type":"EntryPoint","urlTemplate":"https:\/\/visitrauland.com\/rauland-hyttevelforening\/?s={search_term_string}"},"query-input":{"@type":"PropertyValueSpecification","valueRequired":true,"valueName":"search_term_string"}}],"inLanguage":"nb-NO"},{"@type":"Person","@id":"https:\/\/visitrauland.com\/rauland-hyttevelforening\/#\/schema\/person\/488d11ecd1340c3c62f1436ce57facd1","name":"danny","image":{"@type":"ImageObject","inLanguage":"nb-NO","@id":"https:\/\/secure.gravatar.com\/avatar\/f3d6f0f3317d4f09c36b5b4f977fde71a9817737244d0c1f4162ac79c71efee2?s=96&d=mm&r=g","url":"https:\/\/secure.gravatar.com\/avatar\/f3d6f0f3317d4f09c36b5b4f977fde71a9817737244d0c1f4162ac79c71efee2?s=96&d=mm&r=g","contentUrl":"https:\/\/secure.gravatar.com\/avatar\/f3d6f0f3317d4f09c36b5b4f977fde71a9817737244d0c1f4162ac79c71efee2?s=96&d=mm&r=g","caption":"danny"},"url":"https:\/\/visitrauland.com\/rauland-hyttevelforening\/author\/danny\/"}]}},"gt_translate_keys":[{"key":"link","format":"url"}],"_links":{"self":[{"href":"https:\/\/visitrauland.com\/rauland-hyttevelforening\/wp-json\/wp\/v2\/posts\/2768","targetHints":{"allow":["GET"]}}],"collection":[{"href":"https:\/\/visitrauland.com\/rauland-hyttevelforening\/wp-json\/wp\/v2\/posts"}],"about":[{"href":"https:\/\/visitrauland.com\/rauland-hyttevelforening\/wp-json\/wp\/v2\/types\/post"}],"author":[{"embeddable":true,"href":"https:\/\/visitrauland.com\/rauland-hyttevelforening\/wp-json\/wp\/v2\/users\/10"}],"replies":[{"embeddable":true,"href":"https:\/\/visitrauland.com\/rauland-hyttevelforening\/wp-json\/wp\/v2\/comments?post=2768"}],"version-history":[{"count":2,"href":"https:\/\/visitrauland.com\/rauland-hyttevelforening\/wp-json\/wp\/v2\/posts\/2768\/revisions"}],"predecessor-version":[{"id":2774,"href":"https:\/\/visitrauland.com\/rauland-hyttevelforening\/wp-json\/wp\/v2\/posts\/2768\/revisions\/2774"}],"wp:featuredmedia":[{"embeddable":true,"href":"https:\/\/visitrauland.com\/rauland-hyttevelforening\/wp-json\/wp\/v2\/media\/2769"}],"wp:attachment":[{"href":"https:\/\/visitrauland.com\/rauland-hyttevelforening\/wp-json\/wp\/v2\/media?parent=2768"}],"wp:term":[{"taxonomy":"category","embeddable":true,"href":"https:\/\/visitrauland.com\/rauland-hyttevelforening\/wp-json\/wp\/v2\/categories?post=2768"},{"taxonomy":"post_tag","embeddable":true,"href":"https:\/\/visitrauland.com\/rauland-hyttevelforening\/wp-json\/wp\/v2\/tags?post=2768"}],"curies":[{"name":"wp","href":"https:\/\/api.w.org\/{rel}","templated":true}]}}