{"id":1851,"date":"2019-05-28T13:36:37","date_gmt":"2019-05-28T11:36:37","guid":{"rendered":"https:\/\/visitrauland.com\/racing\/?p=1851"},"modified":"2019-10-15T12:53:48","modified_gmt":"2019-10-15T10:53:48","slug":"race-kalender-2019-carrera-cup","status":"publish","type":"post","link":"https:\/\/visitrauland.com\/racing\/race-kalender-2019-carrera-cup\/","title":{"rendered":"F\u00f8lg Rauland p\u00e5 racingbanen &#8211; Race kalender 2019 &#8211; Carrera Cup","gt_translate_keys":[{"key":"rendered","format":"text"}]},"content":{"rendered":"<p><noscript><img decoding=\"async\" class=\"alignnone size-full wp-image-1833\" src=\"https:\/\/visitrauland.com\/racing\/wp-content\/uploads\/sites\/80\/2019\/05\/IMG_1459.jpg\" alt=\"Oransje Porsche racerbilen p\u00e5 bane med gul frontstripe og flere sponsorlogoer. Foto av J. Pettersen.\" width=\"1920\" height=\"1080\" srcset=\"https:\/\/visitrauland.com\/racing\/wp-content\/uploads\/sites\/80\/2019\/05\/IMG_1459.jpg 1920w, https:\/\/visitrauland.com\/racing\/wp-content\/uploads\/sites\/80\/2019\/05\/IMG_1459-300x169.jpg 300w, https:\/\/visitrauland.com\/racing\/wp-content\/uploads\/sites\/80\/2019\/05\/IMG_1459-768x432.jpg 768w, https:\/\/visitrauland.com\/racing\/wp-content\/uploads\/sites\/80\/2019\/05\/IMG_1459-1024x576.jpg 1024w, https:\/\/visitrauland.com\/racing\/wp-content\/uploads\/sites\/80\/2019\/05\/IMG_1459-500x281.jpg 500w, https:\/\/visitrauland.com\/racing\/wp-content\/uploads\/sites\/80\/2019\/05\/IMG_1459-100x56.jpg 100w, https:\/\/visitrauland.com\/racing\/wp-content\/uploads\/sites\/80\/2019\/05\/IMG_1459-862x485.jpg 862w, https:\/\/visitrauland.com\/racing\/wp-content\/uploads\/sites\/80\/2019\/05\/IMG_1459-1200x675.jpg 1200w\" sizes=\"(max-width: 1920px) 100vw, 1920px\"><\/noscript><img decoding=\"async\" class=\"alignnone size-full wp-image-1833 lazyload\" src=\"data:image\/svg+xml,%3Csvg%20xmlns%3D%22http%3A%2F%2Fwww.w3.org%2F2000%2Fsvg%22%20viewBox%3D%220%200%201920%201080%22%3E%3C%2Fsvg%3E\" alt=\"Oransje Porsche racerbilen p\u00e5 bane med gul frontstripe og flere sponsorlogoer. Foto av J. Pettersen.\" width=\"1920\" height=\"1080\" srcset=\"data:image\/svg+xml,%3Csvg%20xmlns%3D%22http%3A%2F%2Fwww.w3.org%2F2000%2Fsvg%22%20viewBox%3D%220%200%201920%201080%22%3E%3C%2Fsvg%3E 1920w\" sizes=\"(max-width: 1920px) 100vw, 1920px\" data-srcset=\"https:\/\/visitrauland.com\/racing\/wp-content\/uploads\/sites\/80\/2019\/05\/IMG_1459.jpg 1920w, https:\/\/visitrauland.com\/racing\/wp-content\/uploads\/sites\/80\/2019\/05\/IMG_1459-300x169.jpg 300w, https:\/\/visitrauland.com\/racing\/wp-content\/uploads\/sites\/80\/2019\/05\/IMG_1459-768x432.jpg 768w, https:\/\/visitrauland.com\/racing\/wp-content\/uploads\/sites\/80\/2019\/05\/IMG_1459-1024x576.jpg 1024w, https:\/\/visitrauland.com\/racing\/wp-content\/uploads\/sites\/80\/2019\/05\/IMG_1459-500x281.jpg 500w, https:\/\/visitrauland.com\/racing\/wp-content\/uploads\/sites\/80\/2019\/05\/IMG_1459-100x56.jpg 100w, https:\/\/visitrauland.com\/racing\/wp-content\/uploads\/sites\/80\/2019\/05\/IMG_1459-862x485.jpg 862w, https:\/\/visitrauland.com\/racing\/wp-content\/uploads\/sites\/80\/2019\/05\/IMG_1459-1200x675.jpg 1200w\" data-src=\"https:\/\/visitrauland.com\/racing\/wp-content\/uploads\/sites\/80\/2019\/05\/IMG_1459.jpg\"><\/p>\n<p>Rauland er stolt sponsor av Roger Hermansen, 3x Norgesmester som har kj\u00f8rt racing med Porsche i over 18 \u00e5r. <a href=\"\/racing\/\">Les mer om Rauland-porschen<\/a> og se racingkalender nedenfor \u2013 som viser oversikt over kommende racingl\u00f8p:<\/p>\n<p><strong>Gjeller\u00e5sen Arena<\/strong><\/p>\n<ul>\n<li>13. april kl. 08.00 \u2013 17.00&nbsp; &nbsp;PCCS Roll-Out 2019<\/li>\n<\/ul>\n<p><strong>Ring Knutstorp<\/strong><\/p>\n<ul>\n<li>2. mai PCCS Testday<\/li>\n<li>3. mai PCSS Test &amp; Kval<\/li>\n<li>4. mai PCCS Race 1 &amp; 2<\/li>\n<\/ul>\n<p><strong>Rudskogen Motorsenter<\/strong><\/p>\n<ul>\n<li>18. mai PCCS Testday &amp; Official Test &amp; Kval<\/li>\n<li>19. mai PCCS Race 1 &amp; 2<\/li>\n<\/ul>\n<p><strong>Scandinavian Raceway<\/strong><\/p>\n<ul>\n<li>30. mai PCCS Testday<\/li>\n<li>31. mai PCCS Testday<\/li>\n<li>1. juni PCSS Test &amp; Kval<\/li>\n<li>2. juni PCCS Race 1 &amp; 2<\/li>\n<\/ul>\n<p><strong>Skellefte\u00e5 Drive Center<\/strong><\/p>\n<ul>\n<li>13. juni PCCS Testday<\/li>\n<li>14. juni PCSS Test &amp; Kval<\/li>\n<li>15. juni PCCS Race 1 &amp; 2<\/li>\n<\/ul>\n<p><strong>Gjeller\u00e5sen Arena<\/strong><\/p>\n<ul>\n<li>17. aug PCSS Test &amp; Kval<\/li>\n<li>18. aug&nbsp; PCCS Race 1 &amp; 2<\/li>\n<\/ul>\n<p><strong>Rudskogen Motorsenter<\/strong><\/p>\n<ul>\n<li>13. sep PCSS Test &amp; Kval<\/li>\n<li>14. sep PCCS Race 1 &amp; 2<\/li>\n<\/ul>\n<p><strong>Mantorp Park<\/strong><\/p>\n<ul>\n<li>3. okt i PCCS Testday<\/li>\n<li>4. okt PCSS Test &amp; Kval<\/li>\n<li>5. okt PCCS Race 1 &amp; 2 samt After Race Party i Porsche Race Lounge<\/li>\n<\/ul>\n<p><noscript><img decoding=\"async\" class=\"alignnone size-full wp-image-1831\" src=\"https:\/\/visitrauland.com\/racing\/wp-content\/uploads\/sites\/80\/2019\/05\/2pccs190519-077.jpg\" alt=\"Bilrace p\u00e5 v\u00e5t bane med flere sportsvogner i fart, omgitt av gr\u00f8nn skog.\" width=\"1920\" height=\"1080\" srcset=\"https:\/\/visitrauland.com\/racing\/wp-content\/uploads\/sites\/80\/2019\/05\/2pccs190519-077.jpg 1920w, https:\/\/visitrauland.com\/racing\/wp-content\/uploads\/sites\/80\/2019\/05\/2pccs190519-077-300x169.jpg 300w, https:\/\/visitrauland.com\/racing\/wp-content\/uploads\/sites\/80\/2019\/05\/2pccs190519-077-768x432.jpg 768w, https:\/\/visitrauland.com\/racing\/wp-content\/uploads\/sites\/80\/2019\/05\/2pccs190519-077-1024x576.jpg 1024w, https:\/\/visitrauland.com\/racing\/wp-content\/uploads\/sites\/80\/2019\/05\/2pccs190519-077-500x281.jpg 500w, https:\/\/visitrauland.com\/racing\/wp-content\/uploads\/sites\/80\/2019\/05\/2pccs190519-077-100x56.jpg 100w, https:\/\/visitrauland.com\/racing\/wp-content\/uploads\/sites\/80\/2019\/05\/2pccs190519-077-862x485.jpg 862w, https:\/\/visitrauland.com\/racing\/wp-content\/uploads\/sites\/80\/2019\/05\/2pccs190519-077-1200x675.jpg 1200w\" sizes=\"(max-width: 1920px) 100vw, 1920px\"><\/noscript><img decoding=\"async\" class=\"alignnone size-full wp-image-1831 lazyload\" src=\"data:image\/svg+xml,%3Csvg%20xmlns%3D%22http%3A%2F%2Fwww.w3.org%2F2000%2Fsvg%22%20viewBox%3D%220%200%201920%201080%22%3E%3C%2Fsvg%3E\" alt=\"Bilrace p\u00e5 v\u00e5t bane med flere sportsvogner i fart, omgitt av gr\u00f8nn skog.\" width=\"1920\" height=\"1080\" srcset=\"data:image\/svg+xml,%3Csvg%20xmlns%3D%22http%3A%2F%2Fwww.w3.org%2F2000%2Fsvg%22%20viewBox%3D%220%200%201920%201080%22%3E%3C%2Fsvg%3E 1920w\" sizes=\"(max-width: 1920px) 100vw, 1920px\" data-srcset=\"https:\/\/visitrauland.com\/racing\/wp-content\/uploads\/sites\/80\/2019\/05\/2pccs190519-077.jpg 1920w, https:\/\/visitrauland.com\/racing\/wp-content\/uploads\/sites\/80\/2019\/05\/2pccs190519-077-300x169.jpg 300w, https:\/\/visitrauland.com\/racing\/wp-content\/uploads\/sites\/80\/2019\/05\/2pccs190519-077-768x432.jpg 768w, https:\/\/visitrauland.com\/racing\/wp-content\/uploads\/sites\/80\/2019\/05\/2pccs190519-077-1024x576.jpg 1024w, https:\/\/visitrauland.com\/racing\/wp-content\/uploads\/sites\/80\/2019\/05\/2pccs190519-077-500x281.jpg 500w, https:\/\/visitrauland.com\/racing\/wp-content\/uploads\/sites\/80\/2019\/05\/2pccs190519-077-100x56.jpg 100w, https:\/\/visitrauland.com\/racing\/wp-content\/uploads\/sites\/80\/2019\/05\/2pccs190519-077-862x485.jpg 862w, https:\/\/visitrauland.com\/racing\/wp-content\/uploads\/sites\/80\/2019\/05\/2pccs190519-077-1200x675.jpg 1200w\" data-src=\"https:\/\/visitrauland.com\/racing\/wp-content\/uploads\/sites\/80\/2019\/05\/2pccs190519-077.jpg\"><\/p>\n","protected":false,"gt_translate_keys":[{"key":"rendered","format":"html"}]},"excerpt":{"rendered":"<p>Rauland er stolt sponsor av Roger Hermansen, 3x Norgesmester som har kj\u00f8rt racing med Porsche i over 18 \u00e5r. Les mer om Rauland-porschen og se racingkalender nedenfor \u2013 som viser oversikt over kommende racingl\u00f8p: Gjeller\u00e5sen Arena 13. april kl. 08.00 \u2013 17.00&nbsp; &nbsp;PCCS Roll-Out 2019 Ring Knutstorp 2. mai PCCS Testday 3. mai PCSS Test &amp; Kval 4. mai PCCS &#8230; <\/p>\n<div><a href=\"https:\/\/visitrauland.com\/racing\/race-kalender-2019-carrera-cup\/\" class=\"more-link\">Les Mer<\/a><\/div>\n","protected":false,"gt_translate_keys":[{"key":"rendered","format":"html"}]},"author":10,"featured_media":1833,"comment_status":"closed","ping_status":"closed","sticky":false,"template":"","format":"standard","meta":{"_relevanssi_hide_post":"","_relevanssi_hide_content":"","_relevanssi_pin_for_all":"","_relevanssi_pin_keywords":"","_relevanssi_unpin_keywords":"","_relevanssi_related_keywords":"","_relevanssi_related_include_ids":"","_relevanssi_related_exclude_ids":"","_relevanssi_related_no_append":"","_relevanssi_related_not_related":"","_relevanssi_related_posts":"","_relevanssi_noindex_reason":"","seo_booster_metabox":"","footnotes":""},"categories":[1],"tags":[],"class_list":["post-1851","post","type-post","status-publish","format-standard","has-post-thumbnail","hentry","category-uncategorized-no"],"yoast_head":"<!-- This site is optimized with the Yoast SEO plugin v27.5 - https:\/\/yoast.com\/product\/yoast-seo-wordpress\/ -->\n<title>F\u00f8lg Rauland p\u00e5 racingbanen - Race kalender 2019 - Carrera Cup - Rauland + Racing = Sant!<\/title>\n<meta name=\"robots\" content=\"index, follow, max-snippet:-1, max-image-preview:large, max-video-preview:-1\" \/>\n<link rel=\"canonical\" href=\"https:\/\/visitrauland.com\/racing\/race-kalender-2019-carrera-cup\/\" \/>\n<meta property=\"og:locale\" content=\"nb_NO\" \/>\n<meta property=\"og:type\" content=\"article\" \/>\n<meta property=\"og:title\" content=\"F\u00f8lg Rauland p\u00e5 racingbanen - Race kalender 2019 - Carrera Cup - Rauland + Racing = Sant!\" \/>\n<meta property=\"og:description\" content=\"Rauland er stolt sponsor av Roger Hermansen, 3x Norgesmester som har kj\u00f8rt racing med Porsche i over 18 \u00e5r. Les mer om Rauland-porschen og se racingkalender nedenfor \u2013 som viser oversikt over kommende racingl\u00f8p: Gjeller\u00e5sen Arena 13. april kl. 08.00 \u2013 17.00&nbsp; &nbsp;PCCS Roll-Out 2019 Ring Knutstorp 2. mai PCCS Testday 3. mai PCSS Test &amp; Kval 4. mai PCCS ... Les Mer\" \/>\n<meta property=\"og:url\" content=\"https:\/\/visitrauland.com\/racing\/race-kalender-2019-carrera-cup\/\" \/>\n<meta property=\"og:site_name\" content=\"Rauland + Racing = Sant!\" \/>\n<meta property=\"article:published_time\" content=\"2019-05-28T11:36:37+00:00\" \/>\n<meta property=\"article:modified_time\" content=\"2019-10-15T10:53:48+00:00\" \/>\n<meta property=\"og:image\" content=\"https:\/\/visitrauland.com\/racing\/wp-content\/uploads\/sites\/80\/2019\/05\/IMG_1459.jpg\" \/>\n\t<meta property=\"og:image:width\" content=\"1920\" \/>\n\t<meta property=\"og:image:height\" content=\"1080\" \/>\n\t<meta property=\"og:image:type\" content=\"image\/jpeg\" \/>\n<meta name=\"author\" content=\"danny\" \/>\n<meta name=\"twitter:card\" content=\"summary_large_image\" \/>\n<meta name=\"twitter:label1\" content=\"Skrevet av\" \/>\n\t<meta name=\"twitter:data1\" content=\"danny\" \/>\n\t<meta name=\"twitter:label2\" content=\"Ansl. lesetid\" \/>\n\t<meta name=\"twitter:data2\" content=\"1 minutt\" \/>\n<script type=\"application\/ld+json\" class=\"yoast-schema-graph\">{\"@context\":\"https:\\\/\\\/schema.org\",\"@graph\":[{\"@type\":\"Article\",\"@id\":\"https:\\\/\\\/visitrauland.com\\\/racing\\\/race-kalender-2019-carrera-cup\\\/#article\",\"isPartOf\":{\"@id\":\"https:\\\/\\\/visitrauland.com\\\/racing\\\/race-kalender-2019-carrera-cup\\\/\"},\"author\":{\"name\":\"danny\",\"@id\":\"https:\\\/\\\/visitrauland.com\\\/racing\\\/#\\\/schema\\\/person\\\/488d11ecd1340c3c62f1436ce57facd1\"},\"headline\":\"F\u00f8lg Rauland p\u00e5 racingbanen &#8211; Race kalender 2019 &#8211; Carrera Cup\",\"datePublished\":\"2019-05-28T11:36:37+00:00\",\"dateModified\":\"2019-10-15T10:53:48+00:00\",\"mainEntityOfPage\":{\"@id\":\"https:\\\/\\\/visitrauland.com\\\/racing\\\/race-kalender-2019-carrera-cup\\\/\"},\"wordCount\":160,\"image\":{\"@id\":\"https:\\\/\\\/visitrauland.com\\\/racing\\\/race-kalender-2019-carrera-cup\\\/#primaryimage\"},\"thumbnailUrl\":\"https:\\\/\\\/visitrauland.com\\\/racing\\\/wp-content\\\/uploads\\\/sites\\\/80\\\/2019\\\/05\\\/IMG_1459.jpg\",\"articleSection\":[\"Uncategorized @no\"],\"inLanguage\":\"nb-NO\"},{\"@type\":\"WebPage\",\"@id\":\"https:\\\/\\\/visitrauland.com\\\/racing\\\/race-kalender-2019-carrera-cup\\\/\",\"url\":\"https:\\\/\\\/visitrauland.com\\\/racing\\\/race-kalender-2019-carrera-cup\\\/\",\"name\":\"F\u00f8lg Rauland p\u00e5 racingbanen - Race kalender 2019 - Carrera Cup - Rauland + Racing = Sant!\",\"isPartOf\":{\"@id\":\"https:\\\/\\\/visitrauland.com\\\/racing\\\/#website\"},\"primaryImageOfPage\":{\"@id\":\"https:\\\/\\\/visitrauland.com\\\/racing\\\/race-kalender-2019-carrera-cup\\\/#primaryimage\"},\"image\":{\"@id\":\"https:\\\/\\\/visitrauland.com\\\/racing\\\/race-kalender-2019-carrera-cup\\\/#primaryimage\"},\"thumbnailUrl\":\"https:\\\/\\\/visitrauland.com\\\/racing\\\/wp-content\\\/uploads\\\/sites\\\/80\\\/2019\\\/05\\\/IMG_1459.jpg\",\"datePublished\":\"2019-05-28T11:36:37+00:00\",\"dateModified\":\"2019-10-15T10:53:48+00:00\",\"author\":{\"@id\":\"https:\\\/\\\/visitrauland.com\\\/racing\\\/#\\\/schema\\\/person\\\/488d11ecd1340c3c62f1436ce57facd1\"},\"breadcrumb\":{\"@id\":\"https:\\\/\\\/visitrauland.com\\\/racing\\\/race-kalender-2019-carrera-cup\\\/#breadcrumb\"},\"inLanguage\":\"nb-NO\",\"potentialAction\":[{\"@type\":\"ReadAction\",\"target\":[\"https:\\\/\\\/visitrauland.com\\\/racing\\\/race-kalender-2019-carrera-cup\\\/\"]}]},{\"@type\":\"ImageObject\",\"inLanguage\":\"nb-NO\",\"@id\":\"https:\\\/\\\/visitrauland.com\\\/racing\\\/race-kalender-2019-carrera-cup\\\/#primaryimage\",\"url\":\"https:\\\/\\\/visitrauland.com\\\/racing\\\/wp-content\\\/uploads\\\/sites\\\/80\\\/2019\\\/05\\\/IMG_1459.jpg\",\"contentUrl\":\"https:\\\/\\\/visitrauland.com\\\/racing\\\/wp-content\\\/uploads\\\/sites\\\/80\\\/2019\\\/05\\\/IMG_1459.jpg\",\"width\":1920,\"height\":1080,\"caption\":\"Oransje Porsche racerbilen p\u00e5 bane med gul frontstripe og flere sponsorlogoer. Foto av J. Pettersen.\"},{\"@type\":\"BreadcrumbList\",\"@id\":\"https:\\\/\\\/visitrauland.com\\\/racing\\\/race-kalender-2019-carrera-cup\\\/#breadcrumb\",\"itemListElement\":[{\"@type\":\"ListItem\",\"position\":1,\"name\":\"Hjem\",\"item\":\"https:\\\/\\\/visitrauland.com\\\/racing\\\/\"},{\"@type\":\"ListItem\",\"position\":2,\"name\":\"F\u00f8lg Rauland p\u00e5 racingbanen &#8211; Race kalender 2019 &#8211; Carrera Cup\"}]},{\"@type\":\"WebSite\",\"@id\":\"https:\\\/\\\/visitrauland.com\\\/racing\\\/#website\",\"url\":\"https:\\\/\\\/visitrauland.com\\\/racing\\\/\",\"name\":\"Rauland + Racing = Sant!\",\"description\":\"3 hytter med flott utsikt over Lognvikvatn\",\"potentialAction\":[{\"@type\":\"SearchAction\",\"target\":{\"@type\":\"EntryPoint\",\"urlTemplate\":\"https:\\\/\\\/visitrauland.com\\\/racing\\\/?s={search_term_string}\"},\"query-input\":{\"@type\":\"PropertyValueSpecification\",\"valueRequired\":true,\"valueName\":\"search_term_string\"}}],\"inLanguage\":\"nb-NO\"},{\"@type\":\"Person\",\"@id\":\"https:\\\/\\\/visitrauland.com\\\/racing\\\/#\\\/schema\\\/person\\\/488d11ecd1340c3c62f1436ce57facd1\",\"name\":\"danny\",\"image\":{\"@type\":\"ImageObject\",\"inLanguage\":\"nb-NO\",\"@id\":\"https:\\\/\\\/secure.gravatar.com\\\/avatar\\\/f3d6f0f3317d4f09c36b5b4f977fde71a9817737244d0c1f4162ac79c71efee2?s=96&d=mm&r=g\",\"url\":\"https:\\\/\\\/secure.gravatar.com\\\/avatar\\\/f3d6f0f3317d4f09c36b5b4f977fde71a9817737244d0c1f4162ac79c71efee2?s=96&d=mm&r=g\",\"contentUrl\":\"https:\\\/\\\/secure.gravatar.com\\\/avatar\\\/f3d6f0f3317d4f09c36b5b4f977fde71a9817737244d0c1f4162ac79c71efee2?s=96&d=mm&r=g\",\"caption\":\"danny\"},\"url\":\"https:\\\/\\\/visitrauland.com\\\/racing\\\/author\\\/danny\\\/\"}]}<\/script>\n<!-- \/ Yoast SEO plugin. -->","yoast_head_json":{"title":"F\u00f8lg Rauland p\u00e5 racingbanen - Race kalender 2019 - Carrera Cup - Rauland + Racing = Sant!","robots":{"index":"index","follow":"follow","max-snippet":"max-snippet:-1","max-image-preview":"max-image-preview:large","max-video-preview":"max-video-preview:-1"},"canonical":"https:\/\/visitrauland.com\/racing\/race-kalender-2019-carrera-cup\/","og_locale":"nb_NO","og_type":"article","og_title":"F\u00f8lg Rauland p\u00e5 racingbanen - Race kalender 2019 - Carrera Cup - Rauland + Racing = Sant!","og_description":"Rauland er stolt sponsor av Roger Hermansen, 3x Norgesmester som har kj\u00f8rt racing med Porsche i over 18 \u00e5r. Les mer om Rauland-porschen og se racingkalender nedenfor \u2013 som viser oversikt over kommende racingl\u00f8p: Gjeller\u00e5sen Arena 13. april kl. 08.00 \u2013 17.00&nbsp; &nbsp;PCCS Roll-Out 2019 Ring Knutstorp 2. mai PCCS Testday 3. mai PCSS Test &amp; Kval 4. mai PCCS ... Les Mer","og_url":"https:\/\/visitrauland.com\/racing\/race-kalender-2019-carrera-cup\/","og_site_name":"Rauland + Racing = Sant!","article_published_time":"2019-05-28T11:36:37+00:00","article_modified_time":"2019-10-15T10:53:48+00:00","og_image":[{"width":1920,"height":1080,"url":"https:\/\/visitrauland.com\/racing\/wp-content\/uploads\/sites\/80\/2019\/05\/IMG_1459.jpg","type":"image\/jpeg"}],"author":"danny","twitter_card":"summary_large_image","twitter_misc":{"Skrevet av":"danny","Ansl. lesetid":"1 minutt"},"schema":{"@context":"https:\/\/schema.org","@graph":[{"@type":"Article","@id":"https:\/\/visitrauland.com\/racing\/race-kalender-2019-carrera-cup\/#article","isPartOf":{"@id":"https:\/\/visitrauland.com\/racing\/race-kalender-2019-carrera-cup\/"},"author":{"name":"danny","@id":"https:\/\/visitrauland.com\/racing\/#\/schema\/person\/488d11ecd1340c3c62f1436ce57facd1"},"headline":"F\u00f8lg Rauland p\u00e5 racingbanen &#8211; Race kalender 2019 &#8211; Carrera Cup","datePublished":"2019-05-28T11:36:37+00:00","dateModified":"2019-10-15T10:53:48+00:00","mainEntityOfPage":{"@id":"https:\/\/visitrauland.com\/racing\/race-kalender-2019-carrera-cup\/"},"wordCount":160,"image":{"@id":"https:\/\/visitrauland.com\/racing\/race-kalender-2019-carrera-cup\/#primaryimage"},"thumbnailUrl":"https:\/\/visitrauland.com\/racing\/wp-content\/uploads\/sites\/80\/2019\/05\/IMG_1459.jpg","articleSection":["Uncategorized @no"],"inLanguage":"nb-NO"},{"@type":"WebPage","@id":"https:\/\/visitrauland.com\/racing\/race-kalender-2019-carrera-cup\/","url":"https:\/\/visitrauland.com\/racing\/race-kalender-2019-carrera-cup\/","name":"F\u00f8lg Rauland p\u00e5 racingbanen - Race kalender 2019 - Carrera Cup - Rauland + Racing = Sant!","isPartOf":{"@id":"https:\/\/visitrauland.com\/racing\/#website"},"primaryImageOfPage":{"@id":"https:\/\/visitrauland.com\/racing\/race-kalender-2019-carrera-cup\/#primaryimage"},"image":{"@id":"https:\/\/visitrauland.com\/racing\/race-kalender-2019-carrera-cup\/#primaryimage"},"thumbnailUrl":"https:\/\/visitrauland.com\/racing\/wp-content\/uploads\/sites\/80\/2019\/05\/IMG_1459.jpg","datePublished":"2019-05-28T11:36:37+00:00","dateModified":"2019-10-15T10:53:48+00:00","author":{"@id":"https:\/\/visitrauland.com\/racing\/#\/schema\/person\/488d11ecd1340c3c62f1436ce57facd1"},"breadcrumb":{"@id":"https:\/\/visitrauland.com\/racing\/race-kalender-2019-carrera-cup\/#breadcrumb"},"inLanguage":"nb-NO","potentialAction":[{"@type":"ReadAction","target":["https:\/\/visitrauland.com\/racing\/race-kalender-2019-carrera-cup\/"]}]},{"@type":"ImageObject","inLanguage":"nb-NO","@id":"https:\/\/visitrauland.com\/racing\/race-kalender-2019-carrera-cup\/#primaryimage","url":"https:\/\/visitrauland.com\/racing\/wp-content\/uploads\/sites\/80\/2019\/05\/IMG_1459.jpg","contentUrl":"https:\/\/visitrauland.com\/racing\/wp-content\/uploads\/sites\/80\/2019\/05\/IMG_1459.jpg","width":1920,"height":1080,"caption":"Oransje Porsche racerbilen p\u00e5 bane med gul frontstripe og flere sponsorlogoer. Foto av J. Pettersen."},{"@type":"BreadcrumbList","@id":"https:\/\/visitrauland.com\/racing\/race-kalender-2019-carrera-cup\/#breadcrumb","itemListElement":[{"@type":"ListItem","position":1,"name":"Hjem","item":"https:\/\/visitrauland.com\/racing\/"},{"@type":"ListItem","position":2,"name":"F\u00f8lg Rauland p\u00e5 racingbanen &#8211; Race kalender 2019 &#8211; Carrera Cup"}]},{"@type":"WebSite","@id":"https:\/\/visitrauland.com\/racing\/#website","url":"https:\/\/visitrauland.com\/racing\/","name":"Rauland + Racing = Sant!","description":"3 hytter med flott utsikt over Lognvikvatn","potentialAction":[{"@type":"SearchAction","target":{"@type":"EntryPoint","urlTemplate":"https:\/\/visitrauland.com\/racing\/?s={search_term_string}"},"query-input":{"@type":"PropertyValueSpecification","valueRequired":true,"valueName":"search_term_string"}}],"inLanguage":"nb-NO"},{"@type":"Person","@id":"https:\/\/visitrauland.com\/racing\/#\/schema\/person\/488d11ecd1340c3c62f1436ce57facd1","name":"danny","image":{"@type":"ImageObject","inLanguage":"nb-NO","@id":"https:\/\/secure.gravatar.com\/avatar\/f3d6f0f3317d4f09c36b5b4f977fde71a9817737244d0c1f4162ac79c71efee2?s=96&d=mm&r=g","url":"https:\/\/secure.gravatar.com\/avatar\/f3d6f0f3317d4f09c36b5b4f977fde71a9817737244d0c1f4162ac79c71efee2?s=96&d=mm&r=g","contentUrl":"https:\/\/secure.gravatar.com\/avatar\/f3d6f0f3317d4f09c36b5b4f977fde71a9817737244d0c1f4162ac79c71efee2?s=96&d=mm&r=g","caption":"danny"},"url":"https:\/\/visitrauland.com\/racing\/author\/danny\/"}]}},"gt_translate_keys":[{"key":"link","format":"url"}],"_links":{"self":[{"href":"https:\/\/visitrauland.com\/racing\/wp-json\/wp\/v2\/posts\/1851","targetHints":{"allow":["GET"]}}],"collection":[{"href":"https:\/\/visitrauland.com\/racing\/wp-json\/wp\/v2\/posts"}],"about":[{"href":"https:\/\/visitrauland.com\/racing\/wp-json\/wp\/v2\/types\/post"}],"author":[{"embeddable":true,"href":"https:\/\/visitrauland.com\/racing\/wp-json\/wp\/v2\/users\/10"}],"replies":[{"embeddable":true,"href":"https:\/\/visitrauland.com\/racing\/wp-json\/wp\/v2\/comments?post=1851"}],"version-history":[{"count":6,"href":"https:\/\/visitrauland.com\/racing\/wp-json\/wp\/v2\/posts\/1851\/revisions"}],"predecessor-version":[{"id":1864,"href":"https:\/\/visitrauland.com\/racing\/wp-json\/wp\/v2\/posts\/1851\/revisions\/1864"}],"wp:featuredmedia":[{"embeddable":true,"href":"https:\/\/visitrauland.com\/racing\/wp-json\/wp\/v2\/media\/1833"}],"wp:attachment":[{"href":"https:\/\/visitrauland.com\/racing\/wp-json\/wp\/v2\/media?parent=1851"}],"wp:term":[{"taxonomy":"category","embeddable":true,"href":"https:\/\/visitrauland.com\/racing\/wp-json\/wp\/v2\/categories?post=1851"},{"taxonomy":"post_tag","embeddable":true,"href":"https:\/\/visitrauland.com\/racing\/wp-json\/wp\/v2\/tags?post=1851"}],"curies":[{"name":"wp","href":"https:\/\/api.w.org\/{rel}","templated":true}]}}